{"id":17923,"count":1,"description":"","link":"https:\/\/nvnoticias.mx\/index.php\/tag\/comision-politica-permanente-del-consejo-politico-estatal-del-pri-en-veracruz\/","name":"Comisi\u00f3n Pol\u00edtica Permanente del Consejo Pol\u00edtico Estatal del PRI en Veracruz","slug":"comision-politica-permanente-del-consejo-politico-estatal-del-pri-en-veracruz","taxonomy":"post_tag","meta":[],"_links":{"self":[{"href":"https:\/\/nvnoticias.mx\/index.php\/wp-json\/wp\/v2\/tags\/17923","targetHints":{"allow":["GET"]}}],"collection":[{"href":"https:\/\/nvnoticias.mx\/index.php\/wp-json\/wp\/v2\/tags"}],"about":[{"href":"https:\/\/nvnoticias.mx\/index.php\/wp-json\/wp\/v2\/taxonomies\/post_tag"}],"wp:post_type":[{"href":"https:\/\/nvnoticias.mx\/index.php\/wp-json\/wp\/v2\/posts?tags=17923"}],"curies":[{"name":"wp","href":"https:\/\/api.w.org\/{rel}","templated":true}]}}