{"id":14840,"count":1,"description":"","link":"https:\/\/nvnoticias.mx\/index.php\/tag\/sindicato-valentin-gomez-farias\/","name":"Sindicato Valent\u00edn G\u00f3mez Far\u00edas","slug":"sindicato-valentin-gomez-farias","taxonomy":"post_tag","meta":[],"_links":{"self":[{"href":"https:\/\/nvnoticias.mx\/index.php\/wp-json\/wp\/v2\/tags\/14840","targetHints":{"allow":["GET"]}}],"collection":[{"href":"https:\/\/nvnoticias.mx\/index.php\/wp-json\/wp\/v2\/tags"}],"about":[{"href":"https:\/\/nvnoticias.mx\/index.php\/wp-json\/wp\/v2\/taxonomies\/post_tag"}],"wp:post_type":[{"href":"https:\/\/nvnoticias.mx\/index.php\/wp-json\/wp\/v2\/posts?tags=14840"}],"curies":[{"name":"wp","href":"https:\/\/api.w.org\/{rel}","templated":true}]}}