{"id":99927,"date":"2023-03-22T14:07:34","date_gmt":"2023-03-22T20:07:34","guid":{"rendered":"https:\/\/nvnoticias.mx\/?p=99927"},"modified":"2023-03-22T14:07:35","modified_gmt":"2023-03-22T20:07:35","slug":"visita-veracruz-el-nuncio-apostolico-joseph-spiteri","status":"publish","type":"post","link":"https:\/\/nvnoticias.mx\/index.php\/2023\/03\/22\/visita-veracruz-el-nuncio-apostolico-joseph-spiteri\/","title":{"rendered":"Visita Veracruz el Nuncio apost\u00f3lico, Joseph Spiteri"},"content":{"rendered":"\n<p><strong>Jes\u00fas Utrilla \/ NV Noticias<\/strong><\/p>\n\n\n\n<p>Desde Veracruz el Nuncio apost\u00f3lico, Joseph&nbsp;Spiteri&nbsp;hizo un llamado a la paz, afirm\u00f3 que la Iglesia Cat\u00f3lica se encuentra comprometida con la justicia y lograr un clima de estabilidad.&nbsp;<\/p>\n\n\n\n<p>El Nuncio apost\u00f3lico, Joseph&nbsp;Spiteri, visit\u00f3 Veracruz para conmemorar el 60 aniversario de la Di\u00f3cesis de Veracruz. El nuncio apost\u00f3lico ofici\u00f3 una misa&nbsp;en la catedral Nuestra Se\u00f1ora de la Asunci\u00f3n.&nbsp;<\/p>\n\n\n\n<p>El jueves 23 de marzo estar\u00e1 en Xalapa, donde platicar\u00e1 con seminaristas de las 8 di\u00f3cesis del estado de Veracruz y el s\u00e1bado encabezar\u00e1 un encuentro con familias. Afirm\u00f3 que el n\u00famero de feligreses contin\u00faa creciendo en todo el mundo.&nbsp;<\/p>\n\n\n\n<p>Agreg\u00f3 que los obispos y sacerdotes de M\u00e9xico se encuentran comprometidos con la paz, sin embargo, los ciudadanos deben poner la parte que les corresponde, se\u00f1al\u00f3 el Nuncio apost\u00f3lico, Joseph&nbsp;Spiteri.&nbsp;<\/p>\n\n\n\n<p>Mencion\u00f3 que el Papa Francisco efectu\u00f3 llamado mundiales para que la comunidad en general contribuya a tener un mundo en calma y&nbsp;armon\u00eda.&nbsp;<\/p>\n\n\n\n<p>Insisti\u00f3 en que la Iglesia Cat\u00f3lica exhorta en todo momento al arrepentimiento de quienes se alejaron del buen camio y los laicos se encuentra comprometidos con la paz y justicia. Por ello tambi\u00e9n deben denunciarse los delitos.&nbsp;<\/p>\n\n\n\n<blockquote class=\"wp-block-quote is-layout-flow wp-block-quote-is-layout-flow\"><p>\u201c<em>El Papa Francisco est\u00e1 siempre en contra de todo tipo de violencia, de guerra y todo eso. Ha dicho a todos que si quieren regalarle algo le regalen la paz, entonces todos debemos poner de nuestra parte para lograr la justicia social y la concordia y denunciar la injusticia, violencia y maltrato<\/em>\u201d.\u00a0<\/p><\/blockquote>\n\n\n\n<p>A nueve meses del asesinato de los dos sacerdotes jesuitas en Chihuahua confi\u00f3 en que haya justicia y que los hechos no vuelvan a repetirse en M\u00e9xico ni en&nbsp;ninguna&nbsp;otra parte del mundo.&nbsp;Asimismo&nbsp;rechaz\u00f3 que Nicaragua haya roto relaciones con el Vaticano o que la Iglesia Cat\u00f3lica enfrente roces con otro gobierno, como el de M\u00e9xico.&nbsp;<\/p>\n","protected":false},"excerpt":{"rendered":"<p>Jes\u00fas Utrilla \/ NV Noticias Desde Veracruz el Nuncio apost\u00f3lico, Joseph&nbsp;Spiteri&nbsp;hizo un llamado a la paz, afirm\u00f3 que la Iglesia Cat\u00f3lica se encuentra comprometida con la justicia y lograr un clima de estabilidad.&nbsp; El Nuncio apost\u00f3lico, Joseph&nbsp;Spiteri, visit\u00f3 Veracruz para conmemorar el 60 aniversario de la Di\u00f3cesis de Veracruz. El nuncio apost\u00f3lico ofici\u00f3 una misa&nbsp;en [&hellip;]<\/p>\n","protected":false},"author":8,"featured_media":99932,"comment_status":"open","ping_status":"open","sticky":false,"template":"","format":"standard","meta":{"_monsterinsights_skip_tracking":false,"_monsterinsights_sitenote_active":false,"_monsterinsights_sitenote_note":"","_monsterinsights_sitenote_category":0,"footnotes":""},"categories":[154],"tags":[23909,23908,180],"class_list":["post-99927","post","type-post","status-publish","format-standard","has-post-thumbnail","hentry","category-veracruz","tag-joseph-spiteri","tag-nuncio-apostolico","tag-veracruz","wp-image-borders"],"amp_enabled":true,"_links":{"self":[{"href":"https:\/\/nvnoticias.mx\/index.php\/wp-json\/wp\/v2\/posts\/99927","targetHints":{"allow":["GET"]}}],"collection":[{"href":"https:\/\/nvnoticias.mx\/index.php\/wp-json\/wp\/v2\/posts"}],"about":[{"href":"https:\/\/nvnoticias.mx\/index.php\/wp-json\/wp\/v2\/types\/post"}],"author":[{"embeddable":true,"href":"https:\/\/nvnoticias.mx\/index.php\/wp-json\/wp\/v2\/users\/8"}],"replies":[{"embeddable":true,"href":"https:\/\/nvnoticias.mx\/index.php\/wp-json\/wp\/v2\/comments?post=99927"}],"version-history":[{"count":1,"href":"https:\/\/nvnoticias.mx\/index.php\/wp-json\/wp\/v2\/posts\/99927\/revisions"}],"predecessor-version":[{"id":99934,"href":"https:\/\/nvnoticias.mx\/index.php\/wp-json\/wp\/v2\/posts\/99927\/revisions\/99934"}],"wp:featuredmedia":[{"embeddable":true,"href":"https:\/\/nvnoticias.mx\/index.php\/wp-json\/wp\/v2\/media\/99932"}],"wp:attachment":[{"href":"https:\/\/nvnoticias.mx\/index.php\/wp-json\/wp\/v2\/media?parent=99927"}],"wp:term":[{"taxonomy":"category","embeddable":true,"href":"https:\/\/nvnoticias.mx\/index.php\/wp-json\/wp\/v2\/categories?post=99927"},{"taxonomy":"post_tag","embeddable":true,"href":"https:\/\/nvnoticias.mx\/index.php\/wp-json\/wp\/v2\/tags?post=99927"}],"curies":[{"name":"wp","href":"https:\/\/api.w.org\/{rel}","templated":true}]}}