{"id":99899,"date":"2023-03-22T13:08:38","date_gmt":"2023-03-22T19:08:38","guid":{"rendered":"https:\/\/nvnoticias.mx\/?p=99899"},"modified":"2023-03-22T13:08:39","modified_gmt":"2023-03-22T19:08:39","slug":"mas-de-7-mil-elementos-participaran-en-operativo-de-semana-santa","status":"publish","type":"post","link":"https:\/\/nvnoticias.mx\/index.php\/2023\/03\/22\/mas-de-7-mil-elementos-participaran-en-operativo-de-semana-santa\/","title":{"rendered":"M\u00e1s de 7 mil elementos participar\u00e1n en operativo de Semana Santa"},"content":{"rendered":"\n<p><strong>Sam Ojeda\u00a0\/ NV Noticias<\/strong><\/p>\n\n\n\n<p>Xalapa.- El gobernador Cuitl\u00e1huac Garc\u00eda Jim\u00e9nez inform\u00f3 que en el operativo de seguridad con motivo de las vacaciones de Semana Santa participar\u00e1n m\u00e1s de 7 mil elementos.&nbsp;<\/p>\n\n\n\n<p>A los elementos de la Secretar\u00eda de Seguridad P\u00fablica (SSP) y Protecci\u00f3n Civil se sumar\u00e1n elementos de las fuerzas federales como la Secretar\u00eda de la Defensa Nacional (Sedena) y la Marina.&nbsp;<\/p>\n\n\n\n<p>Y se coordinan con las direcciones de Protecci\u00f3n Civil en los municipios en los que se espera el arribo de visitantes como el puerto de Veracruz, Boca del R\u00edo, entre otros.&nbsp;<\/p>\n\n\n\n<blockquote class=\"wp-block-quote is-layout-flow wp-block-quote-is-layout-flow\"><p>\u201c<em>Vamos a operar con m\u00e1s de 7 mil elementos tanto de polic\u00edas, como de Marina, Sedena, Polic\u00eda municipal de Protecci\u00f3n Civil de todos los municipios en los que se espera el arribo de turistas<\/em>\u201d.<\/p><\/blockquote>\n\n\n\n<p>Cabe destacar que las fuerzas estatales, federales y municipales ser\u00e1n desplegadas en todo el estado de Veracruz y que el banderazo de inicio se dar\u00e1 el 30 de marzo.&nbsp;<\/p>\n\n\n\n<p>Asegur\u00f3 que el objetivo es tener \u201csaldo blanco\u201d durante las vacaciones de Semana Santa y que los turistas se queden con una buena imagen de la entidad.&nbsp;<\/p>\n","protected":false},"excerpt":{"rendered":"<p>Sam Ojeda\u00a0\/ NV Noticias Xalapa.- El gobernador Cuitl\u00e1huac Garc\u00eda Jim\u00e9nez inform\u00f3 que en el operativo de seguridad con motivo de las vacaciones de Semana Santa participar\u00e1n m\u00e1s de 7 mil elementos.&nbsp; A los elementos de la Secretar\u00eda de Seguridad P\u00fablica (SSP) y Protecci\u00f3n Civil se sumar\u00e1n elementos de las fuerzas federales como la Secretar\u00eda de [&hellip;]<\/p>\n","protected":false},"author":8,"featured_media":9689,"comment_status":"open","ping_status":"open","sticky":false,"template":"","format":"standard","meta":{"_monsterinsights_skip_tracking":false,"_monsterinsights_sitenote_active":false,"_monsterinsights_sitenote_note":"","_monsterinsights_sitenote_category":0,"footnotes":""},"categories":[156],"tags":[5711,1474],"class_list":["post-99899","post","type-post","status-publish","format-standard","has-post-thumbnail","hentry","category-estado","tag-operativos","tag-semana-santa","wp-image-borders"],"amp_enabled":true,"_links":{"self":[{"href":"https:\/\/nvnoticias.mx\/index.php\/wp-json\/wp\/v2\/posts\/99899","targetHints":{"allow":["GET"]}}],"collection":[{"href":"https:\/\/nvnoticias.mx\/index.php\/wp-json\/wp\/v2\/posts"}],"about":[{"href":"https:\/\/nvnoticias.mx\/index.php\/wp-json\/wp\/v2\/types\/post"}],"author":[{"embeddable":true,"href":"https:\/\/nvnoticias.mx\/index.php\/wp-json\/wp\/v2\/users\/8"}],"replies":[{"embeddable":true,"href":"https:\/\/nvnoticias.mx\/index.php\/wp-json\/wp\/v2\/comments?post=99899"}],"version-history":[{"count":1,"href":"https:\/\/nvnoticias.mx\/index.php\/wp-json\/wp\/v2\/posts\/99899\/revisions"}],"predecessor-version":[{"id":99900,"href":"https:\/\/nvnoticias.mx\/index.php\/wp-json\/wp\/v2\/posts\/99899\/revisions\/99900"}],"wp:featuredmedia":[{"embeddable":true,"href":"https:\/\/nvnoticias.mx\/index.php\/wp-json\/wp\/v2\/media\/9689"}],"wp:attachment":[{"href":"https:\/\/nvnoticias.mx\/index.php\/wp-json\/wp\/v2\/media?parent=99899"}],"wp:term":[{"taxonomy":"category","embeddable":true,"href":"https:\/\/nvnoticias.mx\/index.php\/wp-json\/wp\/v2\/categories?post=99899"},{"taxonomy":"post_tag","embeddable":true,"href":"https:\/\/nvnoticias.mx\/index.php\/wp-json\/wp\/v2\/tags?post=99899"}],"curies":[{"name":"wp","href":"https:\/\/api.w.org\/{rel}","templated":true}]}}