{"id":99866,"date":"2023-03-22T11:56:47","date_gmt":"2023-03-22T17:56:47","guid":{"rendered":"https:\/\/nvnoticias.mx\/?p=99866"},"modified":"2023-03-22T11:56:48","modified_gmt":"2023-03-22T17:56:48","slug":"van-9-personas-detenidas-por-el-caso-de-corrupcion-en-segalmex","status":"publish","type":"post","link":"https:\/\/nvnoticias.mx\/index.php\/2023\/03\/22\/van-9-personas-detenidas-por-el-caso-de-corrupcion-en-segalmex\/","title":{"rendered":"Van 9 personas detenidas por el caso de corrupci\u00f3n en Segalmex"},"content":{"rendered":"\n<p>El 11 y 12 de marzo de 2023, la Fiscal\u00eda General de la Rep\u00fablica -con el apoyo de la Secretar\u00eda de Marina- detuvo a<strong>&nbsp;cuatro personas<\/strong>&nbsp;que contaban con \u00f3rdenes de aprehensi\u00f3n por el&nbsp;<strong>desfalco multimillonario a Segalmex<\/strong>, inform\u00f3 esta ma\u00f1ana&nbsp;<strong>Luis Rodr\u00edguez Bucio<\/strong>, subsecretario de Seguridad.<\/p>\n\n\n\n<p>Por este caso,<strong>&nbsp;el gobierno de AMLO ya ha detenido a nueve personas<\/strong>, de los cuales&nbsp;<strong>cinco son exfuncionarios federales<\/strong>:<\/p>\n\n\n\n<ul class=\"wp-block-list\"><li>Carlos D\u00e1vila Almerena, exjefe del departamento jur\u00eddico de Diconsa y Segalmex.<\/li><li>Roberto Rivera Ramos, exsubgerente de Adquisiciones de Granos y Az\u00facar.<\/li><li>Laura Hern\u00e1ndez Rojas, excoordinadora de la Gerencia de Presupuesto de Liconsa.<\/li><li>Sim\u00f3n Escobar Copca, exjefe de almac\u00e9n en Quer\u00e9taro.<\/li><li>Artemio Guti\u00e9rrez Rodr\u00edguez, subjefe operativo de Diconsa en Quer\u00e9taro.<\/li><\/ul>\n\n\n\n<p>Desde 2021, la Auditoria Superior de la Federaci\u00f3n (ASF) y la Secretar\u00eda de la Funci\u00f3n P\u00fablica (SFP) denunciaron posibles&nbsp;<strong>irregularidades&nbsp;<\/strong>cometidas por servidores p\u00fablicos en Segalmex, Diconsa y Liconsa.<\/p>\n\n\n\n<p>En este fraude, de<strong>&nbsp;m\u00e1s de 9 mil millones de pesos<\/strong>, est\u00e1n involucradas 30 empresas y 29 funcionarios p\u00fablicos, inform\u00f3 el nuevo titular de Segalmex,&nbsp;<strong>Leonel Cota Monta\u00f1o.<\/strong><\/p>\n\n\n\n<p>Fuente: <a href=\"https:\/\/www.elfinanciero.com.mx\/nacional\/2023\/03\/22\/amlo-mananera-temas-hoy-22-de-marzo-de-2023\/\" data-type=\"URL\" data-id=\"https:\/\/www.elfinanciero.com.mx\/nacional\/2023\/03\/22\/amlo-mananera-temas-hoy-22-de-marzo-de-2023\/\">El Financiero<\/a> <\/p>\n","protected":false},"excerpt":{"rendered":"<p>El 11 y 12 de marzo de 2023, la Fiscal\u00eda General de la Rep\u00fablica -con el apoyo de la Secretar\u00eda de Marina- detuvo a&nbsp;cuatro personas&nbsp;que contaban con \u00f3rdenes de aprehensi\u00f3n por el&nbsp;desfalco multimillonario a Segalmex, inform\u00f3 esta ma\u00f1ana&nbsp;Luis Rodr\u00edguez Bucio, subsecretario de Seguridad. Por este caso,&nbsp;el gobierno de AMLO ya ha detenido a nueve personas, [&hellip;]<\/p>\n","protected":false},"author":35,"featured_media":97816,"comment_status":"open","ping_status":"open","sticky":false,"template":"","format":"standard","meta":{"_monsterinsights_skip_tracking":false,"_monsterinsights_sitenote_active":false,"_monsterinsights_sitenote_note":"","_monsterinsights_sitenote_category":0,"footnotes":""},"categories":[157],"tags":[2663,3159,13664],"class_list":["post-99866","post","type-post","status-publish","format-standard","has-post-thumbnail","hentry","category-nacional","tag-corrupcion","tag-detenidas","tag-segalmex","wp-image-borders"],"amp_enabled":true,"_links":{"self":[{"href":"https:\/\/nvnoticias.mx\/index.php\/wp-json\/wp\/v2\/posts\/99866","targetHints":{"allow":["GET"]}}],"collection":[{"href":"https:\/\/nvnoticias.mx\/index.php\/wp-json\/wp\/v2\/posts"}],"about":[{"href":"https:\/\/nvnoticias.mx\/index.php\/wp-json\/wp\/v2\/types\/post"}],"author":[{"embeddable":true,"href":"https:\/\/nvnoticias.mx\/index.php\/wp-json\/wp\/v2\/users\/35"}],"replies":[{"embeddable":true,"href":"https:\/\/nvnoticias.mx\/index.php\/wp-json\/wp\/v2\/comments?post=99866"}],"version-history":[{"count":1,"href":"https:\/\/nvnoticias.mx\/index.php\/wp-json\/wp\/v2\/posts\/99866\/revisions"}],"predecessor-version":[{"id":99867,"href":"https:\/\/nvnoticias.mx\/index.php\/wp-json\/wp\/v2\/posts\/99866\/revisions\/99867"}],"wp:featuredmedia":[{"embeddable":true,"href":"https:\/\/nvnoticias.mx\/index.php\/wp-json\/wp\/v2\/media\/97816"}],"wp:attachment":[{"href":"https:\/\/nvnoticias.mx\/index.php\/wp-json\/wp\/v2\/media?parent=99866"}],"wp:term":[{"taxonomy":"category","embeddable":true,"href":"https:\/\/nvnoticias.mx\/index.php\/wp-json\/wp\/v2\/categories?post=99866"},{"taxonomy":"post_tag","embeddable":true,"href":"https:\/\/nvnoticias.mx\/index.php\/wp-json\/wp\/v2\/tags?post=99866"}],"curies":[{"name":"wp","href":"https:\/\/api.w.org\/{rel}","templated":true}]}}