{"id":99704,"date":"2023-03-21T12:56:46","date_gmt":"2023-03-21T18:56:46","guid":{"rendered":"https:\/\/nvnoticias.mx\/?p=99704"},"modified":"2023-03-21T12:56:46","modified_gmt":"2023-03-21T18:56:46","slug":"el-transporte-de-carga-pide-cancelacion-de-permisos-a-empresas-de-gruas-que-son-abusivas","status":"publish","type":"post","link":"https:\/\/nvnoticias.mx\/index.php\/2023\/03\/21\/el-transporte-de-carga-pide-cancelacion-de-permisos-a-empresas-de-gruas-que-son-abusivas\/","title":{"rendered":"El transporte de carga pide cancelaci\u00f3n de permisos a empresas de gr\u00faas que son abusivas"},"content":{"rendered":"\n<p><strong>Jes\u00fas Utrilla \/ NV Noticias<\/strong><\/p>\n\n\n\n<p>Transportistas afiliados a la C\u00e1mara Nacional del Autotransporte de Caga solicitaron que se regule el servicio de gr\u00faa. <\/p>\n\n\n\n<p>Luis Exsome Zapata, delegado de la Canacar en Veracruz, record\u00f3 que se requiere una concesi\u00f3n federal o estatal para operar, por lo cual pueden cancelarle el permiso a las que incumplan con las formas de operar. <\/p>\n\n\n\n<p>Acus\u00f3 que persisten las malas pr\u00e1cticas, incluso les cobran por el arrastre m\u00e1s de lo que cuesta. Por ello solicit\u00f3 tarifas justas y una regulaci\u00f3n integral.<\/p>\n\n\n\n<blockquote class=\"wp-block-quote is-layout-flow wp-block-quote-is-layout-flow\"><p>\u201c<em>Es la suerte con que te toque, hay algunas gr\u00faas que s\u00ed y otras que no cometen abusos. Queremos que las que no tienen las pr\u00e1cticas correctas sean cancelados sus permisos para prestar el servicio. Que haya una regulaci\u00f3n y una tarifa justa porque te quieren cobrar el arrastre de m\u00e1s de lo que vale\u201d.<\/em>\u00a0 \u00a0<\/p><\/blockquote>\n\n\n\n<p>Record\u00f3 que desde hace varios a\u00f1os solicitaron la regulaci\u00f3n y no se concreta, pese a que se public\u00f3 una tarifa, pues la aplicaci\u00f3n no es obligatoria. <\/p>\n\n\n\n<p>Adem\u00e1s no todas las empresas de gr\u00faas cuentan con permisos. Destac\u00f3 entre las irregularidades los precios desmedidos y que la unidad no es custodiada debidamente.<\/p>\n\n\n\n<blockquote class=\"wp-block-quote is-layout-flow wp-block-quote-is-layout-flow\"><p>\u201c<em>No nos han puesto una fecha, nos siguen dando largas y como sector seguimos empujando. Nos dicen que el \u00e1rea jur\u00eddica lo est\u00e1 revisando y que no lo han publicado pero que ya est\u00e1n con el tema. Seguiremos impuls\u00e1ndolo<\/em>\u201d, concluy\u00f3.<\/p><\/blockquote>\n","protected":false},"excerpt":{"rendered":"<p>Jes\u00fas Utrilla \/ NV Noticias Transportistas afiliados a la C\u00e1mara Nacional del Autotransporte de Caga solicitaron que se regule el servicio de gr\u00faa. Luis Exsome Zapata, delegado de la Canacar en Veracruz, record\u00f3 que se requiere una concesi\u00f3n federal o estatal para operar, por lo cual pueden cancelarle el permiso a las que incumplan con [&hellip;]<\/p>\n","protected":false},"author":8,"featured_media":99705,"comment_status":"open","ping_status":"open","sticky":false,"template":"","format":"standard","meta":{"_monsterinsights_skip_tracking":false,"_monsterinsights_sitenote_active":false,"_monsterinsights_sitenote_note":"","_monsterinsights_sitenote_category":0,"footnotes":""},"categories":[154],"tags":[5301,4035],"class_list":["post-99704","post","type-post","status-publish","format-standard","has-post-thumbnail","hentry","category-veracruz","tag-grua","tag-transporte-de-carga","wp-image-borders"],"amp_enabled":true,"_links":{"self":[{"href":"https:\/\/nvnoticias.mx\/index.php\/wp-json\/wp\/v2\/posts\/99704","targetHints":{"allow":["GET"]}}],"collection":[{"href":"https:\/\/nvnoticias.mx\/index.php\/wp-json\/wp\/v2\/posts"}],"about":[{"href":"https:\/\/nvnoticias.mx\/index.php\/wp-json\/wp\/v2\/types\/post"}],"author":[{"embeddable":true,"href":"https:\/\/nvnoticias.mx\/index.php\/wp-json\/wp\/v2\/users\/8"}],"replies":[{"embeddable":true,"href":"https:\/\/nvnoticias.mx\/index.php\/wp-json\/wp\/v2\/comments?post=99704"}],"version-history":[{"count":1,"href":"https:\/\/nvnoticias.mx\/index.php\/wp-json\/wp\/v2\/posts\/99704\/revisions"}],"predecessor-version":[{"id":99706,"href":"https:\/\/nvnoticias.mx\/index.php\/wp-json\/wp\/v2\/posts\/99704\/revisions\/99706"}],"wp:featuredmedia":[{"embeddable":true,"href":"https:\/\/nvnoticias.mx\/index.php\/wp-json\/wp\/v2\/media\/99705"}],"wp:attachment":[{"href":"https:\/\/nvnoticias.mx\/index.php\/wp-json\/wp\/v2\/media?parent=99704"}],"wp:term":[{"taxonomy":"category","embeddable":true,"href":"https:\/\/nvnoticias.mx\/index.php\/wp-json\/wp\/v2\/categories?post=99704"},{"taxonomy":"post_tag","embeddable":true,"href":"https:\/\/nvnoticias.mx\/index.php\/wp-json\/wp\/v2\/tags?post=99704"}],"curies":[{"name":"wp","href":"https:\/\/api.w.org\/{rel}","templated":true}]}}