{"id":99683,"date":"2023-03-21T12:13:33","date_gmt":"2023-03-21T18:13:33","guid":{"rendered":"https:\/\/nvnoticias.mx\/?p=99683"},"modified":"2023-03-21T12:13:34","modified_gmt":"2023-03-21T18:13:34","slug":"deberia-haber-ganado-aqui-verstappen-tras-triunfo-de-checo-perez","status":"publish","type":"post","link":"https:\/\/nvnoticias.mx\/index.php\/2023\/03\/21\/deberia-haber-ganado-aqui-verstappen-tras-triunfo-de-checo-perez\/","title":{"rendered":"&#8220;Deber\u00eda haber ganado aqu\u00ed&#8221;: Verstappen tras triunfo de Checo P\u00e9rez"},"content":{"rendered":"\n<p>Max Verstappen, piloto neerland\u00e9s de\u00a0F\u00f3rmula 1, se vio inconforme con el triunfo del mexicano\u00a0Checo P\u00e9rez en el Gran Premio de Arabia Saudita\u00a0y consider\u00f3 que \u00e9l debi\u00f3 ganar en la competencia.<\/p>\n\n\n\n<p>En declaraciones a Viaplay de Pa\u00edses Bajos, Verstappen se\u00f1al\u00f3 que fue la clasificaci\u00f3n del s\u00e1bado lo que impidi\u00f3 a final de cuentas que pudiera alzarse con el triunfo en el circuito de Jeddah.<\/p>\n\n\n\n<blockquote class=\"wp-block-quote is-layout-flow wp-block-quote-is-layout-flow\"><p>&#8220;<em>Tenemos que hacerlo mejor como equipo, no podemos tener problemas como estos<\/em>&#8220;, se\u00f1al\u00f3 el vigente bicampe\u00f3n de la categor\u00eda reina del automovilismo y quien abandon\u00f3 la sesi\u00f3n de clasificaci\u00f3n.<\/p><\/blockquote>\n\n\n\n<p>Verstappen inst\u00f3 a Red Bull a tener un monoplaza con mayor fiabilidad y que le permita competir a la par de Checo P\u00e9rez en situaciones similares.<\/p>\n\n\n\n<blockquote class=\"wp-block-quote is-layout-flow wp-block-quote-is-layout-flow\"><p>&#8220;<em>De lo contrario, esta habr\u00eda sido una carrera muy diferente para m\u00ed. Al final limitamos un poco los da\u00f1os, pero deber\u00eda haber ganado aqu\u00ed<\/em>&#8220;, concluy\u00f3.<\/p><\/blockquote>\n\n\n\n<p>Fuente: <a href=\"https:\/\/www.tudn.com\/formula-1\/mverstappen-se-muestra-inconforme-con-triunfo-checo-deberia-haber-ganado\">TUDN<\/a><\/p>\n","protected":false},"excerpt":{"rendered":"<p>Max Verstappen, piloto neerland\u00e9s de\u00a0F\u00f3rmula 1, se vio inconforme con el triunfo del mexicano\u00a0Checo P\u00e9rez en el Gran Premio de Arabia Saudita\u00a0y consider\u00f3 que \u00e9l debi\u00f3 ganar en la competencia. En declaraciones a Viaplay de Pa\u00edses Bajos, Verstappen se\u00f1al\u00f3 que fue la clasificaci\u00f3n del s\u00e1bado lo que impidi\u00f3 a final de cuentas que pudiera alzarse [&hellip;]<\/p>\n","protected":false},"author":8,"featured_media":99684,"comment_status":"open","ping_status":"open","sticky":false,"template":"","format":"standard","meta":{"_monsterinsights_skip_tracking":false,"_monsterinsights_sitenote_active":false,"_monsterinsights_sitenote_note":"","_monsterinsights_sitenote_category":0,"footnotes":""},"categories":[159],"tags":[2977,12471,7812,5828],"class_list":["post-99683","post","type-post","status-publish","format-standard","has-post-thumbnail","hentry","category-deportes","tag-checo-perez","tag-gran-premio-de-arabia-saudita","tag-max-verstappen","tag-red-bull","wp-image-borders"],"amp_enabled":true,"_links":{"self":[{"href":"https:\/\/nvnoticias.mx\/index.php\/wp-json\/wp\/v2\/posts\/99683","targetHints":{"allow":["GET"]}}],"collection":[{"href":"https:\/\/nvnoticias.mx\/index.php\/wp-json\/wp\/v2\/posts"}],"about":[{"href":"https:\/\/nvnoticias.mx\/index.php\/wp-json\/wp\/v2\/types\/post"}],"author":[{"embeddable":true,"href":"https:\/\/nvnoticias.mx\/index.php\/wp-json\/wp\/v2\/users\/8"}],"replies":[{"embeddable":true,"href":"https:\/\/nvnoticias.mx\/index.php\/wp-json\/wp\/v2\/comments?post=99683"}],"version-history":[{"count":1,"href":"https:\/\/nvnoticias.mx\/index.php\/wp-json\/wp\/v2\/posts\/99683\/revisions"}],"predecessor-version":[{"id":99685,"href":"https:\/\/nvnoticias.mx\/index.php\/wp-json\/wp\/v2\/posts\/99683\/revisions\/99685"}],"wp:featuredmedia":[{"embeddable":true,"href":"https:\/\/nvnoticias.mx\/index.php\/wp-json\/wp\/v2\/media\/99684"}],"wp:attachment":[{"href":"https:\/\/nvnoticias.mx\/index.php\/wp-json\/wp\/v2\/media?parent=99683"}],"wp:term":[{"taxonomy":"category","embeddable":true,"href":"https:\/\/nvnoticias.mx\/index.php\/wp-json\/wp\/v2\/categories?post=99683"},{"taxonomy":"post_tag","embeddable":true,"href":"https:\/\/nvnoticias.mx\/index.php\/wp-json\/wp\/v2\/tags?post=99683"}],"curies":[{"name":"wp","href":"https:\/\/api.w.org\/{rel}","templated":true}]}}