{"id":99672,"date":"2023-03-21T11:54:59","date_gmt":"2023-03-21T17:54:59","guid":{"rendered":"https:\/\/nvnoticias.mx\/?p=99672"},"modified":"2023-03-21T11:55:00","modified_gmt":"2023-03-21T17:55:00","slug":"analizan-espuma-que-se-registro-en-el-rio-los-pescados","status":"publish","type":"post","link":"https:\/\/nvnoticias.mx\/index.php\/2023\/03\/21\/analizan-espuma-que-se-registro-en-el-rio-los-pescados\/","title":{"rendered":"Analizan espuma que se registr\u00f3 en el r\u00edo Los Pescados"},"content":{"rendered":"\n<p><strong>Sam Ojeda\u00a0\/ NV Noticias<\/strong><\/p>\n\n\n\n<p>Xalapa.- La Secretar\u00eda de Protecci\u00f3n Civil realiza un an\u00e1lisis a la espuma que se registr\u00f3 durante la semana pasada el r\u00edo Los Pescados y que provoc\u00f3 alarma entre la poblaci\u00f3n para determinar qu\u00e9 la caus\u00f3.&nbsp;<\/p>\n\n\n\n<p>El fen\u00f3meno provoc\u00f3 preocupaci\u00f3n entre la poblaci\u00f3n de Jalcomulco por el temor de la contaminaci\u00f3n de las aguas de este afluente; sin embargo el presidente municipal de Jalcomulco, David Meza Hern\u00e1ndez, intent\u00f3 minimizarlo al se\u00f1alar que el r\u00edo se revolvi\u00f3 por las lluvias registradas en d\u00edas pasados.&nbsp;<\/p>\n\n\n\n<blockquote class=\"wp-block-quote is-layout-flow wp-block-quote-is-layout-flow\"><p>\u201c<em>Fue algo que encendi\u00f3 las alarmas, fue producto de las lluvias que cayeron en esta zona monta\u00f1osa, baj\u00f3 sucio el r\u00edo porque al final de cuentas es la primera lluvia fuert<\/em>e\u201d. \u00a0<\/p><\/blockquote>\n\n\n\n<p>A pesar de que colectivos de defensores del medio ambiente se\u00f1alaron que la espuma es causada por las descargas del ingenio de Mahuixtl\u00e1n y de beneficios de caf\u00e9 en la zona, el alcalde afirm\u00f3 que \u201cel r\u00edo est\u00e1 en excelentes condiciones\u201d. &nbsp;<\/p>\n\n\n\n<blockquote class=\"wp-block-quote is-layout-flow wp-block-quote-is-layout-flow\"><p>\u201c<em>Se est\u00e1 analizando la espuma blanca, la Secretar\u00eda de Protecci\u00f3n Civil est\u00e1 analizando las muestras para determinar su causa<\/em>\u201d, dijo.<\/p><\/blockquote>\n\n\n\n<p>En otro tema, cuestionado sobre el periodo de asueto por Semana Santa, el edil afirm\u00f3 que ser\u00e1n los prestadores de servicios quienes tengan que contratar a salvavidas para resguardar la seguridad de los turistas.&nbsp;<\/p>\n\n\n\n<blockquote class=\"wp-block-quote is-layout-flow wp-block-quote-is-layout-flow\"><p>\u201c<em>El director de Protecci\u00f3n Civil se est\u00e1 encargado de hacer los se\u00f1alamientos necesarios, hay convenio con empresarios tur\u00edsticos de la zona para que ellos contraten salvavidas y el Ayuntamiento proporciona algunos otros para que est\u00e9n pendientes<\/em>\u201d, dijo.\u00a0<\/p><\/blockquote>\n\n\n\n<p>Y que se coordinan con el Gobierno del estado, con dependencias como la Secretar\u00eda de Seguridad P\u00fablica, Tr\u00e1nsito del estado, adem\u00e1s de la Fiscal\u00eda General de Veracruz y Cruz Roja.&nbsp;<\/p>\n","protected":false},"excerpt":{"rendered":"<p>Sam Ojeda\u00a0\/ NV Noticias Xalapa.- La Secretar\u00eda de Protecci\u00f3n Civil realiza un an\u00e1lisis a la espuma que se registr\u00f3 durante la semana pasada el r\u00edo Los Pescados y que provoc\u00f3 alarma entre la poblaci\u00f3n para determinar qu\u00e9 la caus\u00f3.&nbsp; El fen\u00f3meno provoc\u00f3 preocupaci\u00f3n entre la poblaci\u00f3n de Jalcomulco por el temor de la contaminaci\u00f3n de [&hellip;]<\/p>\n","protected":false},"author":8,"featured_media":99673,"comment_status":"open","ping_status":"open","sticky":false,"template":"","format":"standard","meta":{"_monsterinsights_skip_tracking":false,"_monsterinsights_sitenote_active":false,"_monsterinsights_sitenote_note":"","_monsterinsights_sitenote_category":0,"footnotes":""},"categories":[156],"tags":[24047,24048],"class_list":["post-99672","post","type-post","status-publish","format-standard","has-post-thumbnail","hentry","category-estado","tag-espuma","tag-rio-los-pescados","wp-image-borders"],"amp_enabled":true,"_links":{"self":[{"href":"https:\/\/nvnoticias.mx\/index.php\/wp-json\/wp\/v2\/posts\/99672","targetHints":{"allow":["GET"]}}],"collection":[{"href":"https:\/\/nvnoticias.mx\/index.php\/wp-json\/wp\/v2\/posts"}],"about":[{"href":"https:\/\/nvnoticias.mx\/index.php\/wp-json\/wp\/v2\/types\/post"}],"author":[{"embeddable":true,"href":"https:\/\/nvnoticias.mx\/index.php\/wp-json\/wp\/v2\/users\/8"}],"replies":[{"embeddable":true,"href":"https:\/\/nvnoticias.mx\/index.php\/wp-json\/wp\/v2\/comments?post=99672"}],"version-history":[{"count":1,"href":"https:\/\/nvnoticias.mx\/index.php\/wp-json\/wp\/v2\/posts\/99672\/revisions"}],"predecessor-version":[{"id":99674,"href":"https:\/\/nvnoticias.mx\/index.php\/wp-json\/wp\/v2\/posts\/99672\/revisions\/99674"}],"wp:featuredmedia":[{"embeddable":true,"href":"https:\/\/nvnoticias.mx\/index.php\/wp-json\/wp\/v2\/media\/99673"}],"wp:attachment":[{"href":"https:\/\/nvnoticias.mx\/index.php\/wp-json\/wp\/v2\/media?parent=99672"}],"wp:term":[{"taxonomy":"category","embeddable":true,"href":"https:\/\/nvnoticias.mx\/index.php\/wp-json\/wp\/v2\/categories?post=99672"},{"taxonomy":"post_tag","embeddable":true,"href":"https:\/\/nvnoticias.mx\/index.php\/wp-json\/wp\/v2\/tags?post=99672"}],"curies":[{"name":"wp","href":"https:\/\/api.w.org\/{rel}","templated":true}]}}