{"id":99668,"date":"2023-03-21T11:50:48","date_gmt":"2023-03-21T17:50:48","guid":{"rendered":"https:\/\/nvnoticias.mx\/?p=99668"},"modified":"2023-03-21T11:50:50","modified_gmt":"2023-03-21T17:50:50","slug":"se-manifiestan-padres-de-familia-la-escuela-jose-azueta-para-exigir-director","status":"publish","type":"post","link":"https:\/\/nvnoticias.mx\/index.php\/2023\/03\/21\/se-manifiestan-padres-de-familia-la-escuela-jose-azueta-para-exigir-director\/","title":{"rendered":"Se manifiestan padres de familia la Escuela Jos\u00e9 Azueta para exigir director"},"content":{"rendered":"\n<p><strong>Jes\u00fas Utrilla \/ NV Noticias<\/strong><\/p>\n\n\n\n<p>Padres y madres de familia de la Escuela Primaria Jos\u00e9 Azueta se manifestaron debido a que el plantel tienen 3 a\u00f1os sin director.<\/p>\n\n\n\n<p>Rosalinda Rodr\u00edguez Tronco, madre de familia,&nbsp;&nbsp;dijo que el plantel se est\u00e1 volviendo un desorden debido a que no hay quien firme las boletas, no se le da mantenimiento a la escuela, el intendente est\u00e1 por irse de incapacidad y no hay quien solucione el reemplazo, hay casos de acoso escolar, entre otros.<\/p>\n\n\n\n<p>Por falta de director en las boletas de calificaciones todav\u00eda aparece el nombre de la directora anterior.<\/p>\n\n\n\n<blockquote class=\"wp-block-quote is-layout-flow wp-block-quote-is-layout-flow\"><p>&#8220;<em>Se supone que aqu\u00ed hay una directora porque en las boletas sale el nombre de Yazm\u00edn del Carmen Gonz\u00e1lez Hern\u00e1ndez. Se supone que ella est\u00e1 cobrando por dos escuelas porque tiene 3 a\u00f1os que de aqu\u00ed se ausent\u00f3, pero est\u00e1 cobrando tambi\u00e9n en la otra escuela en d\u00f3nde est\u00e1 y mientras no la den de baja aqu\u00ed, no nos har\u00e1n caso<\/em>&#8220;.<\/p><\/blockquote>\n\n\n\n<p>Los pap\u00e1s insistieron en que se necesita a un responsable al frente del plantel porque tambi\u00e9n se han dado casos de acoso escolar y los maestros no act\u00faan al respecto.<\/p>\n\n\n\n<blockquote class=\"wp-block-quote is-layout-flow wp-block-quote-is-layout-flow\"><p>\u201c<em>La escuela est\u00e1 decayendo y los salones son un asco, ahorita el intendente se va de incapacidad y esto se va a volver un basurero<\/em>\u201d.<\/p><\/blockquote>\n\n\n\n<p>La matr\u00edcula es de 220 alumnos y aunque giraron oficios a la Secretar\u00eda de Educaci\u00f3n de Veracruz, tiene tres a\u00f1os sin director.<\/p>\n","protected":false},"excerpt":{"rendered":"<p>Jes\u00fas Utrilla \/ NV Noticias Padres y madres de familia de la Escuela Primaria Jos\u00e9 Azueta se manifestaron debido a que el plantel tienen 3 a\u00f1os sin director. Rosalinda Rodr\u00edguez Tronco, madre de familia,&nbsp;&nbsp;dijo que el plantel se est\u00e1 volviendo un desorden debido a que no hay quien firme las boletas, no se le da [&hellip;]<\/p>\n","protected":false},"author":8,"featured_media":99670,"comment_status":"open","ping_status":"open","sticky":false,"template":"","format":"standard","meta":{"_monsterinsights_skip_tracking":false,"_monsterinsights_sitenote_active":false,"_monsterinsights_sitenote_note":"","_monsterinsights_sitenote_category":0,"footnotes":""},"categories":[154],"tags":[503,24046],"class_list":["post-99668","post","type-post","status-publish","format-standard","has-post-thumbnail","hentry","category-veracruz","tag-manifestacion","tag-primaria-jose-azueta","wp-image-borders"],"amp_enabled":true,"_links":{"self":[{"href":"https:\/\/nvnoticias.mx\/index.php\/wp-json\/wp\/v2\/posts\/99668","targetHints":{"allow":["GET"]}}],"collection":[{"href":"https:\/\/nvnoticias.mx\/index.php\/wp-json\/wp\/v2\/posts"}],"about":[{"href":"https:\/\/nvnoticias.mx\/index.php\/wp-json\/wp\/v2\/types\/post"}],"author":[{"embeddable":true,"href":"https:\/\/nvnoticias.mx\/index.php\/wp-json\/wp\/v2\/users\/8"}],"replies":[{"embeddable":true,"href":"https:\/\/nvnoticias.mx\/index.php\/wp-json\/wp\/v2\/comments?post=99668"}],"version-history":[{"count":1,"href":"https:\/\/nvnoticias.mx\/index.php\/wp-json\/wp\/v2\/posts\/99668\/revisions"}],"predecessor-version":[{"id":99671,"href":"https:\/\/nvnoticias.mx\/index.php\/wp-json\/wp\/v2\/posts\/99668\/revisions\/99671"}],"wp:featuredmedia":[{"embeddable":true,"href":"https:\/\/nvnoticias.mx\/index.php\/wp-json\/wp\/v2\/media\/99670"}],"wp:attachment":[{"href":"https:\/\/nvnoticias.mx\/index.php\/wp-json\/wp\/v2\/media?parent=99668"}],"wp:term":[{"taxonomy":"category","embeddable":true,"href":"https:\/\/nvnoticias.mx\/index.php\/wp-json\/wp\/v2\/categories?post=99668"},{"taxonomy":"post_tag","embeddable":true,"href":"https:\/\/nvnoticias.mx\/index.php\/wp-json\/wp\/v2\/tags?post=99668"}],"curies":[{"name":"wp","href":"https:\/\/api.w.org\/{rel}","templated":true}]}}