{"id":9959,"date":"2021-04-05T12:06:34","date_gmt":"2021-04-05T17:06:34","guid":{"rendered":"https:\/\/nvnoticias.mx\/?p=9959"},"modified":"2021-04-05T12:06:36","modified_gmt":"2021-04-05T17:06:36","slug":"presentan-a-oliver-olmos-candidato-mc-para-alcaldia-veracruz","status":"publish","type":"post","link":"https:\/\/nvnoticias.mx\/index.php\/2021\/04\/05\/presentan-a-oliver-olmos-candidato-mc-para-alcaldia-veracruz\/","title":{"rendered":"Presentan a Oliver Olmos como candidato de MC para la alcald\u00eda de Veracruz"},"content":{"rendered":"\n<p><strong>Jes\u00fas Utrilla \/ NV Noticias<\/strong><strong><\/strong><\/p>\n\n\n\n<p>Veracruz. \u2013 Oliver Olmos Cabrera, presidente del Movimiento Civil Independiente y candidato de Movimiento Ciudadano a la alcald\u00eda de Veracruz, afirm\u00f3 que si gana seguir\u00e1 encabezando causas sociales.<\/p>\n\n\n\n<p>Fue presentado de manera oficial por el partido naranja como su abanderado y dijo que a partir de mayo iniciar\u00e1 su campa\u00f1a electoral.<\/p>\n\n\n\n<blockquote class=\"wp-block-quote is-layout-flow wp-block-quote-is-layout-flow\"><p>\u201cHoy tengo la oportunidad de agradecer a Movimiento Ciudadanos por aceptar la agenda social permanente del movimiento en el que estoy desde hace 25 a\u00f1os\u201d.<\/p><\/blockquote>\n\n\n\n<p>Agradeci\u00f3 a los representantes de Movimiento Ciudadano por por postularlo rumbo a la renovaci\u00f3n de la presidencia municipal porte\u00f1a, pues inicialmente buscaba firmas para contender como candidato independiente.<\/p>\n\n\n\n<blockquote class=\"wp-block-quote is-layout-flow wp-block-quote-is-layout-flow\"><p>\u201cQuiero agradecer a Dante Delgado, a Sergio Gil Rull\u00e1n por esta oportunidad porque se expresan los sectores de la sociedad, estas causas que hemos venido abanderando de 26 meses de lucha social. Todos saben lo que hemos luchado. Es un d\u00eda de cambio y de evoluci\u00f3n\u201d.<\/p><\/blockquote>\n\n\n\n<p>Se comprometi\u00f3 a seguir peleando por tener mejores derechos y condiciones en materia de agua y por otras causas que impulsa el Movimiento Civil Independiente.<\/p>\n","protected":false},"excerpt":{"rendered":"<p>Jes\u00fas Utrilla \/ NV Noticias Veracruz. \u2013 Oliver Olmos Cabrera, presidente del Movimiento Civil Independiente y candidato de Movimiento Ciudadano a la alcald\u00eda de Veracruz, afirm\u00f3 que si gana seguir\u00e1 encabezando causas sociales. Fue presentado de manera oficial por el partido naranja como su abanderado y dijo que a partir de mayo iniciar\u00e1 su campa\u00f1a [&hellip;]<\/p>\n","protected":false},"author":6,"featured_media":9960,"comment_status":"open","ping_status":"open","sticky":false,"template":"","format":"standard","meta":{"_monsterinsights_skip_tracking":false,"_monsterinsights_sitenote_active":false,"_monsterinsights_sitenote_note":"","_monsterinsights_sitenote_category":0,"footnotes":""},"categories":[158],"tags":[1131,2023,321,531,180],"class_list":["post-9959","post","type-post","status-publish","format-standard","has-post-thumbnail","hentry","category-politica","tag-alcaldia","tag-candidato","tag-elecciones2021","tag-oliver-olmos-cabrera","tag-veracruz","wp-image-borders"],"amp_enabled":true,"_links":{"self":[{"href":"https:\/\/nvnoticias.mx\/index.php\/wp-json\/wp\/v2\/posts\/9959","targetHints":{"allow":["GET"]}}],"collection":[{"href":"https:\/\/nvnoticias.mx\/index.php\/wp-json\/wp\/v2\/posts"}],"about":[{"href":"https:\/\/nvnoticias.mx\/index.php\/wp-json\/wp\/v2\/types\/post"}],"author":[{"embeddable":true,"href":"https:\/\/nvnoticias.mx\/index.php\/wp-json\/wp\/v2\/users\/6"}],"replies":[{"embeddable":true,"href":"https:\/\/nvnoticias.mx\/index.php\/wp-json\/wp\/v2\/comments?post=9959"}],"version-history":[{"count":1,"href":"https:\/\/nvnoticias.mx\/index.php\/wp-json\/wp\/v2\/posts\/9959\/revisions"}],"predecessor-version":[{"id":9961,"href":"https:\/\/nvnoticias.mx\/index.php\/wp-json\/wp\/v2\/posts\/9959\/revisions\/9961"}],"wp:featuredmedia":[{"embeddable":true,"href":"https:\/\/nvnoticias.mx\/index.php\/wp-json\/wp\/v2\/media\/9960"}],"wp:attachment":[{"href":"https:\/\/nvnoticias.mx\/index.php\/wp-json\/wp\/v2\/media?parent=9959"}],"wp:term":[{"taxonomy":"category","embeddable":true,"href":"https:\/\/nvnoticias.mx\/index.php\/wp-json\/wp\/v2\/categories?post=9959"},{"taxonomy":"post_tag","embeddable":true,"href":"https:\/\/nvnoticias.mx\/index.php\/wp-json\/wp\/v2\/tags?post=9959"}],"curies":[{"name":"wp","href":"https:\/\/api.w.org\/{rel}","templated":true}]}}