{"id":99567,"date":"2023-03-20T13:03:04","date_gmt":"2023-03-20T19:03:04","guid":{"rendered":"https:\/\/nvnoticias.mx\/?p=99567"},"modified":"2023-03-20T13:03:04","modified_gmt":"2023-03-20T19:03:04","slug":"la-cumbre-tajin-2023-comienza-este-martes-21-de-marzo-y-concluye-el-dia-26","status":"publish","type":"post","link":"https:\/\/nvnoticias.mx\/index.php\/2023\/03\/20\/la-cumbre-tajin-2023-comienza-este-martes-21-de-marzo-y-concluye-el-dia-26\/","title":{"rendered":"La Cumbre Taj\u00edn 2023 comienza este martes 21 de marzo y concluye el d\u00eda 26"},"content":{"rendered":"\n<p><strong>Jes\u00fas Utrilla \/ NV Noticias<\/strong><\/p>\n\n\n\n<p>Este martes 21 de marzo comienza la Cumbre Taj\u00edn 2023. El acceso ser\u00e1 gratuito de 11 de la ma\u00f1ana a 4 de la tarde, posterior de ese horario el costo ser\u00e1 de 100 pesos.<\/p>\n\n\n\n<p>La Cumbre Taj\u00edn 2023 se llevar\u00e1 a cabo del 21 al 26 de marzo en el municipio de Papantla.<br>Generar\u00e1 una derrama econ\u00f3mica de\u00a0 150 millones de pesos y buscar\u00e1 proyectar la cultura Totonaca.<\/p>\n\n\n\n<p>Se espera recibir m\u00e1s de 150 mil visitantes y la intenci\u00f3n ser\u00e1 enaltecer todas las actividades de la cultura totonaca, una de las culturas madres del estado de Veracruz.<\/p>\n\n\n\n<p>Ser\u00e1n 475 actividades las que habr\u00e1n de desarrollarse entre talleres, exposiciones, experiencias sobre la cultura totonaca en horarios y rutas establecidas en el parque Takilhsukut. <\/p>\n\n\n\n<p>La cartelera art\u00edstica estar\u00e1 conformada por: Residente, Molotov, Inna y Juan Mag\u00e1n.<\/p>\n\n\n\n<p>Adem\u00e1s ser\u00e1n 129 ceremonias totonacas, consideradas patrimonio intangibles de la Humanidad m\u00e1s actividades de esparcimiento, folklore y art\u00edsticas que habr\u00e1n de desarrollarse durante los seis d\u00edas que durar\u00e1 el festival.<\/p>\n\n\n\n<p>Este a\u00f1o el parque Takilhsukut estar\u00e1 activado al cien por ciento con zonas de acampar, lounge y comida r\u00e1pida donde se ofertar\u00e1 gastronom\u00eda propia del lugar.<\/p>\n\n\n\n<p>Con ello buscan reconstruir el festival Cumbre Taj\u00edn, con actividades de lo actual y lo tradicional.<\/p>\n\n\n\n<p>De esta manera las actividades empezar\u00e1n con el d\u00eda 21 de marzo donde se espera que miles de personas acudan a la zona arqueol\u00f3gica a recargarse de energ\u00eda.<\/p>\n\n\n\n<p>Para el d\u00eda 22 de marzo se tiene programada la ceremonia inaugural; mientras que del 23 al 25 de marzo se realizar\u00e1n los conciertos por las noches, aunque la actividad culturales se estar\u00e1n realizando por el d\u00eda a partir de las 11 de la ma\u00f1ana.<\/p>\n\n\n\n<p>En tanto para el 26 de marzo se estar\u00e1 realizando el cierre de la Cumbre Taj\u00edn a las 6:00 de la tarde.<\/p>\n","protected":false},"excerpt":{"rendered":"<p>Jes\u00fas Utrilla \/ NV Noticias Este martes 21 de marzo comienza la Cumbre Taj\u00edn 2023. El acceso ser\u00e1 gratuito de 11 de la ma\u00f1ana a 4 de la tarde, posterior de ese horario el costo ser\u00e1 de 100 pesos. La Cumbre Taj\u00edn 2023 se llevar\u00e1 a cabo del 21 al 26 de marzo en el [&hellip;]<\/p>\n","protected":false},"author":8,"featured_media":99568,"comment_status":"open","ping_status":"open","sticky":false,"template":"","format":"standard","meta":{"_monsterinsights_skip_tracking":false,"_monsterinsights_sitenote_active":false,"_monsterinsights_sitenote_note":"","_monsterinsights_sitenote_category":0,"footnotes":""},"categories":[154],"tags":[10000],"class_list":["post-99567","post","type-post","status-publish","format-standard","has-post-thumbnail","hentry","category-veracruz","tag-cumbre-tajin","wp-image-borders"],"amp_enabled":true,"_links":{"self":[{"href":"https:\/\/nvnoticias.mx\/index.php\/wp-json\/wp\/v2\/posts\/99567","targetHints":{"allow":["GET"]}}],"collection":[{"href":"https:\/\/nvnoticias.mx\/index.php\/wp-json\/wp\/v2\/posts"}],"about":[{"href":"https:\/\/nvnoticias.mx\/index.php\/wp-json\/wp\/v2\/types\/post"}],"author":[{"embeddable":true,"href":"https:\/\/nvnoticias.mx\/index.php\/wp-json\/wp\/v2\/users\/8"}],"replies":[{"embeddable":true,"href":"https:\/\/nvnoticias.mx\/index.php\/wp-json\/wp\/v2\/comments?post=99567"}],"version-history":[{"count":1,"href":"https:\/\/nvnoticias.mx\/index.php\/wp-json\/wp\/v2\/posts\/99567\/revisions"}],"predecessor-version":[{"id":99569,"href":"https:\/\/nvnoticias.mx\/index.php\/wp-json\/wp\/v2\/posts\/99567\/revisions\/99569"}],"wp:featuredmedia":[{"embeddable":true,"href":"https:\/\/nvnoticias.mx\/index.php\/wp-json\/wp\/v2\/media\/99568"}],"wp:attachment":[{"href":"https:\/\/nvnoticias.mx\/index.php\/wp-json\/wp\/v2\/media?parent=99567"}],"wp:term":[{"taxonomy":"category","embeddable":true,"href":"https:\/\/nvnoticias.mx\/index.php\/wp-json\/wp\/v2\/categories?post=99567"},{"taxonomy":"post_tag","embeddable":true,"href":"https:\/\/nvnoticias.mx\/index.php\/wp-json\/wp\/v2\/tags?post=99567"}],"curies":[{"name":"wp","href":"https:\/\/api.w.org\/{rel}","templated":true}]}}