{"id":99530,"date":"2023-03-20T11:54:16","date_gmt":"2023-03-20T17:54:16","guid":{"rendered":"https:\/\/nvnoticias.mx\/?p=99530"},"modified":"2023-03-20T11:54:17","modified_gmt":"2023-03-20T17:54:17","slug":"hiperexposicion-de-menores-de-edad-en-redes-sociales","status":"publish","type":"post","link":"https:\/\/nvnoticias.mx\/index.php\/2023\/03\/20\/hiperexposicion-de-menores-de-edad-en-redes-sociales\/","title":{"rendered":"Hiperexposici\u00f3n de menores de edad en redes sociales"},"content":{"rendered":"\n<p class=\"has-text-align-right\"><strong>Por: Gladys de L. P\u00e9rez Maldonado<\/strong><\/p>\n\n\n\n<p>Subir la foto de una ni\u00f1a, un ni\u00f1o o adolescente menor de edad a las redes sociales es de lo m\u00e1s habitual hoy en d\u00eda, la madre o el padre orgullosos exhiben las im\u00e1genes de sus hijas e hijos p\u00fablicamente en la plataforma virtual de su preferencia.<\/p>\n\n\n\n<p>Es entendible que la maternidad y paternidad genera una alegr\u00eda que se quiere compartir con las dem\u00e1s personas, anunciar la dulce espera con la fotograf\u00eda de la ecograf\u00eda, participar el sexo del beb\u00e9, dar a conocer im\u00e1genes de su nacimiento, de los primeros pasos, la celebraci\u00f3n del bautizo, las fiestas infantiles, el primer d\u00eda de escuela, las vacaciones en familia y si es un poco mayor, fotos del infante participando en los juegos deportivos y podr\u00edamos mencionar muchas actividades m\u00e1s\u2026<\/p>\n\n\n\n<p>Sin embargo\u2026\u00bfSabe usted qu\u00e9 consecuencias puede tener el subir una imagen de un menor de edad en las redes sociales?<\/p>\n\n\n\n<p>Cuando se sube una foto de un menor de edad a la <em>Web<\/em> hay que tener en cuenta que son muchos los datos que se quedan almacenados y que pueden ser usados por <em>ciberdelincuentes.<\/em><\/p>\n\n\n\n<p>Las y los ni\u00f1os nacidos en la actualidad tendr\u00e1n la mayor huella digital de la historia y es que un menor nacido en Reino Unido habr\u00e1 aparecido en 70.000 publicaciones antes de cumplir los 18 a\u00f1os, seg\u00fan un informe realizado por el Comisionado de la Infancia de Inglaterra, datos que son totalmente equiparables para cualquier pa\u00eds del mundo.<\/p>\n\n\n\n<p>La compa\u00f1\u00eda de <em>software<\/em> especializada en ciberseguridad <em>ESET, <\/em>ha realizado un an\u00e1lisis de las principales amenazas a las que los menores se pueden enfrentar cuando se comparten sus fotograf\u00edas en Internet, tambi\u00e9n llamada a esta conducta <em>sharenting<\/em>, nos advierte que una vez que se publica una foto en las redes sociales del hijo o hija, esa imagen deja de ser exclusivamente suya.<\/p>\n\n\n\n<p>Esto es, los t\u00e9rminos y condiciones de estas plataformas suelen establecer que en el momento en que se sube una imagen a su servidor son libres de utilizarla sin consentimiento. Aunque usted conserva los derechos de autor de la imagen, la plataforma -cuyos servidores alojan la imagen- es la propietaria de la licencia, o sea, la red social est\u00e1 autorizada a utilizar la imagen de la forma que considere oportuna.<\/p>\n\n\n\n<p>Adem\u00e1s, esta investigaci\u00f3n indica que compartir la informaci\u00f3n o las im\u00e1genes de sus hijos e hijas en Internet puede dar lugar a un robo de identidad. Publicar la foto de una ecograf\u00eda, que contiene informaci\u00f3n sensible, expone al menor a riesgos incluso antes de nacer ya que en la misma se puede ver el nombre de la madre, su probable fecha de nacimiento o su ubicaci\u00f3n, con unos pocos clics, un delincuente puede descubrir la informaci\u00f3n personal de los padres, lo que conllevar\u00eda a un secuestro del reci\u00e9n nacido o el robo de identidad del beb\u00e9 para futuras extorsiones econ\u00f3micas.<\/p>\n\n\n\n<p>Las redes sociales no son responsables de eliminar los metadatos de las im\u00e1genes, es decir, la ubicaci\u00f3n, entre otras y con ello un ciberdelincuente, que no necesita ser muy experimentado, puede obtener con facilidad la ubicaci\u00f3n del peque\u00f1o, saber a qu\u00e9 colegio va, d\u00f3nde vive, a qu\u00e9 actividades extra escolares asiste y d\u00f3nde.<\/p>\n\n\n\n<p>Publicar fotos de beb\u00e9s desnudos aunque sea de lo m\u00e1s inofensivas, puede atraer a la gente equivocada y&nbsp; acabar en p\u00e1ginas de pornograf\u00eda infantil.<\/p>\n\n\n\n<p>Algo muy importante de tomar en cuenta es que no debemos publicar im\u00e1genes de nuestros hijos o hijas menores de edad en compa\u00f1\u00eda de otros infantes, pues para ello tendr\u00edamos que pedir autorizaci\u00f3n a sus padres o tutores legales, pues estar\u00edamos exponiendo su imagen p\u00fablicamente, con todo y las consecuencias que hemos venido se\u00f1alando.<\/p>\n\n\n\n<p>Pero m\u00e1s all\u00e1, de las fotos o videos casuales que cualquier madre o padre puedan publicar en la <em>Web, <\/em>nos encontramos con los <em>instamamis o instapapis, <\/em>estos son los supuestos en que ambos progenitores est\u00e1n de acuerdo en publicar fotos de sus hijos e hijas menores de edad en diversas redes sociales de acceso p\u00fablico como <em>Facebook, Instagram, Twitter o Tiktok<\/em>, previamente creadas por ellos para tal efecto, llegando a publicar diariamente m\u00faltiples im\u00e1genes o videos de los y las menores de edad.<\/p>\n\n\n\n<p>Muchas de estas cuentas computan cientos de miles de seguidores -los llamados <em>influencers- <\/em>convirti\u00e9ndose para las marcas en sugerentes formas de publicitar sus productos, llegando incluso, a convertirse en la principal fuente de ingresos de los padres.<\/p>\n\n\n\n<p>La Ley General de los Derechos de Ni\u00f1as, Ni\u00f1os y Adolescentes, protege el&nbsp; derecho a la intimidad&nbsp; personal, familiar y a la protecci\u00f3n de los datos personales de los infantes. No podr\u00e1n ser objeto de injerencias arbitrarias o ilegales en su vida privada, su familia, tampoco de divulgaciones o difusiones de informaci\u00f3n a la opini\u00f3n p\u00fablica que permita identificarlos y que atenten contra su honra, imagen o reputaci\u00f3n.<\/p>\n\n\n\n<p>Son precisamente los padres o sus tutores quienes deben supervisar, orientar y en su caso restringir las conductas y h\u00e1bitos que da\u00f1en a las ni\u00f1as, ni\u00f1os y adolescentes, siempre encaminado a beneficiar el inter\u00e9s superior de la ni\u00f1ez.<\/p>\n\n\n\n<p>La difusi\u00f3n de im\u00e1genes de los infantes y adolescentes es violatorio de derechos humanos, con estas acciones estamos violentando su derecho al honor, dignidad, a la intimidad personal, familiar y a la propia imagen, que son derechos fundamentales de las personas, someti\u00e9ndoles a una enorme presi\u00f3n medi\u00e1tica seg\u00fan el caso espec\u00edfico y exponi\u00e9ndoles a ser sujetos de la delincuencia.<\/p>\n\n\n\n<p>Es muy desafortunado que las madres y los padres hoy en d\u00eda, utilicen a su decendencia como objeto de exhibici\u00f3n o como medio de ingreso econ\u00f3mico, la <em>hiperexposici\u00f3n <\/em>&nbsp;de los menores de edad es una infracci\u00f3n legal, recordemos que no somos due\u00f1os de la imagen y de la intimidad de nuestros hijos e hijas\u2026<\/p>\n","protected":false},"excerpt":{"rendered":"<p>Por: Gladys de L. P\u00e9rez Maldonado Subir la foto de una ni\u00f1a, un ni\u00f1o o adolescente menor de edad a las redes sociales es de lo m\u00e1s habitual hoy en d\u00eda, la madre o el padre orgullosos exhiben las im\u00e1genes de sus hijas e hijos p\u00fablicamente en la plataforma virtual de su preferencia. Es entendible [&hellip;]<\/p>\n","protected":false},"author":45,"featured_media":8843,"comment_status":"open","ping_status":"open","sticky":false,"template":"","format":"standard","meta":{"_monsterinsights_skip_tracking":false,"_monsterinsights_sitenote_active":false,"_monsterinsights_sitenote_note":"","_monsterinsights_sitenote_category":0,"footnotes":""},"categories":[15405],"tags":[15415],"class_list":["post-99530","post","type-post","status-publish","format-standard","has-post-thumbnail","hentry","category-alguien-como-tu","tag-gladys-perez-maldonado","wp-image-borders"],"amp_enabled":true,"_links":{"self":[{"href":"https:\/\/nvnoticias.mx\/index.php\/wp-json\/wp\/v2\/posts\/99530","targetHints":{"allow":["GET"]}}],"collection":[{"href":"https:\/\/nvnoticias.mx\/index.php\/wp-json\/wp\/v2\/posts"}],"about":[{"href":"https:\/\/nvnoticias.mx\/index.php\/wp-json\/wp\/v2\/types\/post"}],"author":[{"embeddable":true,"href":"https:\/\/nvnoticias.mx\/index.php\/wp-json\/wp\/v2\/users\/45"}],"replies":[{"embeddable":true,"href":"https:\/\/nvnoticias.mx\/index.php\/wp-json\/wp\/v2\/comments?post=99530"}],"version-history":[{"count":1,"href":"https:\/\/nvnoticias.mx\/index.php\/wp-json\/wp\/v2\/posts\/99530\/revisions"}],"predecessor-version":[{"id":99537,"href":"https:\/\/nvnoticias.mx\/index.php\/wp-json\/wp\/v2\/posts\/99530\/revisions\/99537"}],"wp:featuredmedia":[{"embeddable":true,"href":"https:\/\/nvnoticias.mx\/index.php\/wp-json\/wp\/v2\/media\/8843"}],"wp:attachment":[{"href":"https:\/\/nvnoticias.mx\/index.php\/wp-json\/wp\/v2\/media?parent=99530"}],"wp:term":[{"taxonomy":"category","embeddable":true,"href":"https:\/\/nvnoticias.mx\/index.php\/wp-json\/wp\/v2\/categories?post=99530"},{"taxonomy":"post_tag","embeddable":true,"href":"https:\/\/nvnoticias.mx\/index.php\/wp-json\/wp\/v2\/tags?post=99530"}],"curies":[{"name":"wp","href":"https:\/\/api.w.org\/{rel}","templated":true}]}}