{"id":99503,"date":"2023-03-20T11:01:08","date_gmt":"2023-03-20T17:01:08","guid":{"rendered":"https:\/\/nvnoticias.mx\/?p=99503"},"modified":"2023-03-20T11:01:09","modified_gmt":"2023-03-20T17:01:09","slug":"tiroteo-en-secundaria-de-texas-deja-2-estudiantes-heridos","status":"publish","type":"post","link":"https:\/\/nvnoticias.mx\/index.php\/2023\/03\/20\/tiroteo-en-secundaria-de-texas-deja-2-estudiantes-heridos\/","title":{"rendered":"Tiroteo en secundaria de Texas deja 2 estudiantes heridos"},"content":{"rendered":"\n<p>Dos estudiantes fueron heridos en\u00a0un tiroteo en una escuela secundaria\u00a0de\u00a0Texas\u00a0este lunes y la polic\u00eda detuvo a un sospechoso, informaron autoridades.<\/p>\n\n\n\n<p>El hecho ocurri\u00f3 afuera de\u00a0la Escuela Secundaria Lamar de Arlington, report\u00f3 la prensa local.<\/p>\n\n\n\n<p>La directiva orden\u00f3 el cierre de la escuela y cuando la orden sea levantada se dejar\u00e1 que los alumnos vayan a casa, abund\u00f3 en un email Anita Foster, vocera del distrito escolar.<\/p>\n\n\n\n<p>Entretanto se le pidi\u00f3 a todos, incluyendo los padres,\u00a0permanecer lejos de las instalaciones\u00a0mientras duran las investigaciones, a\u00f1adi\u00f3.<\/p>\n\n\n\n<p>Los dos alumnos heridos est\u00e1n recibiendo atenci\u00f3n m\u00e9dica, comunic\u00f3 el distrito. Hasta el momento, se desconoce en qu\u00e9 condiciones est\u00e1, aclar\u00f3 el departamento de bomberos de\u00a0Arlington.<\/p>\n\n\n\n<p>La polic\u00eda de Arlington envi\u00f3 un tuit a las 7:21 horas diciendo que ya no hab\u00eda peligro.<\/p>\n\n\n\n<p>El lunes fue el primer d\u00eda de clases en el distrito\u00a0tras el receso primaveral\u00a0de la semana pasada.<\/p>\n\n\n\n<h4 class=\"wp-block-heading\">\u00bfQu\u00e9 ocurri\u00f3 en la Escuela Secundaria Lamar?<\/h4>\n\n\n\n<p>La polic\u00eda de Arlington explic\u00f3 que el presunto tirador\u00a0nunca ingres\u00f3 al edificio\u00a0de la instituci\u00f3n y fue arrestado poco despu\u00e9s de que los oficiales llegaran a la escena.<\/p>\n\n\n\n<p>La escuela fue puesta bajo confinamiento. Foster agreg\u00f3 que los autobuses escolares y otros estudiantes que llegaban fueron desviados del campus antes de que comenzaran las clases. <\/p>\n\n\n\n<p>Agreg\u00f3 que el distrito est\u00e1 en proceso de establecer\u00a0un lugar seguro\u00a0para que los ni\u00f1os se re\u00fanan con sus tutores.<\/p>\n\n\n\n<p>Fuente: <a href=\"https:\/\/www.elfinanciero.com.mx\/mundo\/2023\/03\/20\/violencia-en-eu-tiroteo-en-secundaria-de-texas-deja-2-estudiantes-heridos\/?outputType=amp\">El Financiero<\/a><\/p>\n","protected":false},"excerpt":{"rendered":"<p>Dos estudiantes fueron heridos en\u00a0un tiroteo en una escuela secundaria\u00a0de\u00a0Texas\u00a0este lunes y la polic\u00eda detuvo a un sospechoso, informaron autoridades. El hecho ocurri\u00f3 afuera de\u00a0la Escuela Secundaria Lamar de Arlington, report\u00f3 la prensa local. La directiva orden\u00f3 el cierre de la escuela y cuando la orden sea levantada se dejar\u00e1 que los alumnos vayan a [&hellip;]<\/p>\n","protected":false},"author":8,"featured_media":99504,"comment_status":"open","ping_status":"open","sticky":false,"template":"","format":"standard","meta":{"_monsterinsights_skip_tracking":false,"_monsterinsights_sitenote_active":false,"_monsterinsights_sitenote_note":"","_monsterinsights_sitenote_category":0,"footnotes":""},"categories":[181],"tags":[4341,918,3578],"class_list":["post-99503","post","type-post","status-publish","format-standard","has-post-thumbnail","hentry","category-internacional","tag-secundaria","tag-texas","tag-tiroteo","wp-image-borders"],"amp_enabled":true,"_links":{"self":[{"href":"https:\/\/nvnoticias.mx\/index.php\/wp-json\/wp\/v2\/posts\/99503","targetHints":{"allow":["GET"]}}],"collection":[{"href":"https:\/\/nvnoticias.mx\/index.php\/wp-json\/wp\/v2\/posts"}],"about":[{"href":"https:\/\/nvnoticias.mx\/index.php\/wp-json\/wp\/v2\/types\/post"}],"author":[{"embeddable":true,"href":"https:\/\/nvnoticias.mx\/index.php\/wp-json\/wp\/v2\/users\/8"}],"replies":[{"embeddable":true,"href":"https:\/\/nvnoticias.mx\/index.php\/wp-json\/wp\/v2\/comments?post=99503"}],"version-history":[{"count":1,"href":"https:\/\/nvnoticias.mx\/index.php\/wp-json\/wp\/v2\/posts\/99503\/revisions"}],"predecessor-version":[{"id":99505,"href":"https:\/\/nvnoticias.mx\/index.php\/wp-json\/wp\/v2\/posts\/99503\/revisions\/99505"}],"wp:featuredmedia":[{"embeddable":true,"href":"https:\/\/nvnoticias.mx\/index.php\/wp-json\/wp\/v2\/media\/99504"}],"wp:attachment":[{"href":"https:\/\/nvnoticias.mx\/index.php\/wp-json\/wp\/v2\/media?parent=99503"}],"wp:term":[{"taxonomy":"category","embeddable":true,"href":"https:\/\/nvnoticias.mx\/index.php\/wp-json\/wp\/v2\/categories?post=99503"},{"taxonomy":"post_tag","embeddable":true,"href":"https:\/\/nvnoticias.mx\/index.php\/wp-json\/wp\/v2\/tags?post=99503"}],"curies":[{"name":"wp","href":"https:\/\/api.w.org\/{rel}","templated":true}]}}