{"id":99359,"date":"2023-03-19T16:10:57","date_gmt":"2023-03-19T22:10:57","guid":{"rendered":"https:\/\/nvnoticias.mx\/?p=99359"},"modified":"2023-03-19T16:10:58","modified_gmt":"2023-03-19T22:10:58","slug":"el-aguila-impacta-a-peloteros-de-copa-veracruz","status":"publish","type":"post","link":"https:\/\/nvnoticias.mx\/index.php\/2023\/03\/19\/el-aguila-impacta-a-peloteros-de-copa-veracruz\/","title":{"rendered":"El \u00c1guila impacta a peloteros de Copa Veracruz"},"content":{"rendered":"\n<p>Boca del R\u00edo, Ver.- Durante las pr\u00e1cticas hay cuatro j\u00f3venes que destacan por su pasi\u00f3n y las ganas de absorber todo el conocimiento del cuerpo t\u00e9cnico que dirige el m\u00e1nager Mat\u00edas Carrillo y son los peloteros de la Copa Veracruz.<\/p>\n\n\n\n<p>Alex Manuel G\u00f3mez, de Voladores de Papantla; Osiris Hern\u00e1ndez de Pescadores de Alvarado; Luis Valenzuela de Mangueros de Chacaltianguis y Alexis Rodr\u00edguez de Vikingos de Xico, estos cuatro j\u00f3venes que fueron invitados a la pretemporada de El \u00c1guila de Veracruz, debido a su destacada participaci\u00f3n en la Copa Veracruz; &nbsp;torneo de beisbol que involucr\u00f3 a m\u00e1s de 20 municipios del estado.<\/p>\n\n\n\n<p>Estos j\u00f3venes viven su primera experiencia profesional en el beisbol, donde se han dado cuenta el alto nivel exigencia que se requiere para ser pelotero y jugador de El \u00c1guila de Veracruz.<\/p>\n\n\n\n<blockquote class=\"wp-block-quote is-layout-flow wp-block-quote-is-layout-flow\"><p>\u201cSab\u00eda lo que era trabajar duro, porque igual vengo de una academia donde se entrenaba duro, pero aqu\u00ed son muy buenos trabajos, estoy aprendiendo de los mejores\u201d, destac\u00f3 el receptor Luis Valenzuela.<\/p><\/blockquote>\n\n\n\n<p>Para el lanzador Alexis Rodr\u00edguez, la preparaci\u00f3n de los serpentineros a cargo de los coaches Mart\u00edn Enriquez, Ricardo Osuna y el exGrandes Ligas Esteban Loaiza ha sido la mejor experiencia de su vida.<\/p>\n\n\n\n<blockquote class=\"wp-block-quote is-layout-flow wp-block-quote-is-layout-flow\"><p>\u201cMe siento muy feliz haciendo la pretemporada con El \u00c1guila, es algo nuevo para m\u00ed, los entrenamientos (pitcheo) me han sorprendido, no es lo mismo estar entrenando en casa, que venir aqu\u00ed, entrenar duro, es lo mejor que me ha pasado\u201d, revel\u00f3 el jugador de Vikingos de Xico.<\/p><\/blockquote>\n\n\n\n<p>Sin embargo, no solo el cuerpo t\u00e9cnico comparte sus conocimientos con estos j\u00f3venes, los mismos jugadores de El \u00c1guila arropan a estos peloteros que inician su camino en el beisbol profesional.<\/p>\n\n\n\n<blockquote class=\"wp-block-quote is-layout-flow wp-block-quote-is-layout-flow\"><p>\u201cAprendiendo de cada uno de ellos, como Carlos Arellano, estuvo ah\u00ed d\u00e1ndome consejos de c\u00f3mo mover las piernas, meter mi guante, mis brazos.&#8221;<\/p><\/blockquote>\n\n\n\n<blockquote class=\"wp-block-quote is-layout-flow wp-block-quote-is-layout-flow\"><p>\u201c(\u2026) La movilidad en mis piernas, es lo que he estado trabajando aqu\u00ed con los consejos de Carlos (Arellano) y H\u00e9ctor (Mora) para perfeccionarlo y hacerlo bien\u201d, revel\u00f3 Osiris Hern\u00e1ndez de Pescadores de Alvarado.<\/p><\/blockquote>\n\n\n\n<p>Compartir el terreno a lado de jugadores que llegaron a Grandes Ligas y otros que han brillado en la Liga Mexicana es una experiencia que marcar\u00e1 a estos j\u00f3venes veracruzanos.<\/p>\n\n\n\n<blockquote class=\"wp-block-quote is-layout-flow wp-block-quote-is-layout-flow\"><p>\u201cAh\u00ed en el shortstop con Mora, que tiene muy buenas manos la verdad, quiero aprenderle mucho, se incorpor\u00f3 Amarista y tambi\u00e9n quiero aprenderle demasiado, quiero absorber todo lo que se pueda, porque son jugadores que ya tienen su carrera hecha\u201d, sentenci\u00f3 Alex G\u00f3mez de Voladores de Papantla.<\/p><\/blockquote>\n\n\n\n<p><strong>D\u00cdA 5 DE PRETEMPORA<\/strong>DA<\/p>\n\n\n\n<p>A pesar de la intensidad del Frente Fr\u00edo 41, que continua su recorrido por el estado Veracruz, el d\u00eda cinco de pretemporada no se detuvo, este d\u00eda report\u00f3 Alejandro Ortiz.<\/p>\n\n\n\n<p>\u201cKora\u201d se une Elkin Alcal\u00e1, Alexi Amarista, Jes\u00fas \u201cCacao\u201d Valdez, Alex Liddi, Jos\u00e9 Juan Aguilar, Cristian Zazueta, Alonso Gait\u00e1n, H\u00e9ctor Mora, Carlos Arellano, Rodolfo Aguilar, Jes\u00fas Barraza, Nicol\u00e1s Heredia, Alejandro Soto, Freddy Quintero, Alejandro Mart\u00ednez, Julio Hern\u00e1ndez, Kevin Escorcia, Diego Pineda, Iv\u00e1n Lozano, Jos\u00e9 Pi\u00f1a, Mikell Granberry, Rodrigo Cobos, Jes\u00fas Pulido y Orlando Lara.<\/p>\n","protected":false},"excerpt":{"rendered":"<p>Boca del R\u00edo, Ver.- Durante las pr\u00e1cticas hay cuatro j\u00f3venes que destacan por su pasi\u00f3n y las ganas de absorber todo el conocimiento del cuerpo t\u00e9cnico que dirige el m\u00e1nager Mat\u00edas Carrillo y son los peloteros de la Copa Veracruz. Alex Manuel G\u00f3mez, de Voladores de Papantla; Osiris Hern\u00e1ndez de Pescadores de Alvarado; Luis Valenzuela [&hellip;]<\/p>\n","protected":false},"author":7,"featured_media":99360,"comment_status":"open","ping_status":"open","sticky":false,"template":"","format":"standard","meta":{"_monsterinsights_skip_tracking":false,"_monsterinsights_sitenote_active":false,"_monsterinsights_sitenote_note":"","_monsterinsights_sitenote_category":0,"footnotes":""},"categories":[159],"tags":[1060,1195,2777],"class_list":["post-99359","post","type-post","status-publish","format-standard","has-post-thumbnail","hentry","category-deportes","tag-beisbol","tag-el-aguila-de-veracruz","tag-pretemporada","wp-image-borders"],"amp_enabled":true,"_links":{"self":[{"href":"https:\/\/nvnoticias.mx\/index.php\/wp-json\/wp\/v2\/posts\/99359","targetHints":{"allow":["GET"]}}],"collection":[{"href":"https:\/\/nvnoticias.mx\/index.php\/wp-json\/wp\/v2\/posts"}],"about":[{"href":"https:\/\/nvnoticias.mx\/index.php\/wp-json\/wp\/v2\/types\/post"}],"author":[{"embeddable":true,"href":"https:\/\/nvnoticias.mx\/index.php\/wp-json\/wp\/v2\/users\/7"}],"replies":[{"embeddable":true,"href":"https:\/\/nvnoticias.mx\/index.php\/wp-json\/wp\/v2\/comments?post=99359"}],"version-history":[{"count":1,"href":"https:\/\/nvnoticias.mx\/index.php\/wp-json\/wp\/v2\/posts\/99359\/revisions"}],"predecessor-version":[{"id":99361,"href":"https:\/\/nvnoticias.mx\/index.php\/wp-json\/wp\/v2\/posts\/99359\/revisions\/99361"}],"wp:featuredmedia":[{"embeddable":true,"href":"https:\/\/nvnoticias.mx\/index.php\/wp-json\/wp\/v2\/media\/99360"}],"wp:attachment":[{"href":"https:\/\/nvnoticias.mx\/index.php\/wp-json\/wp\/v2\/media?parent=99359"}],"wp:term":[{"taxonomy":"category","embeddable":true,"href":"https:\/\/nvnoticias.mx\/index.php\/wp-json\/wp\/v2\/categories?post=99359"},{"taxonomy":"post_tag","embeddable":true,"href":"https:\/\/nvnoticias.mx\/index.php\/wp-json\/wp\/v2\/tags?post=99359"}],"curies":[{"name":"wp","href":"https:\/\/api.w.org\/{rel}","templated":true}]}}