{"id":99290,"date":"2023-03-18T16:17:41","date_gmt":"2023-03-18T22:17:41","guid":{"rendered":"https:\/\/nvnoticias.mx\/?p=99290"},"modified":"2023-03-18T16:17:42","modified_gmt":"2023-03-18T22:17:42","slug":"revela-sam-neill-de-jurassic-park-que-fue-diagnosticado-con-cancer-en-etapa-3","status":"publish","type":"post","link":"https:\/\/nvnoticias.mx\/index.php\/2023\/03\/18\/revela-sam-neill-de-jurassic-park-que-fue-diagnosticado-con-cancer-en-etapa-3\/","title":{"rendered":"Revela Sam Neill de Jurassic Park  que fue diagnosticado con c\u00e1ncer en etapa 3"},"content":{"rendered":"\n<p>El actor comparti\u00f3 que le diagnosticaron linfoma angioinmunobl\u00e1stico de c\u00e9lulas T, una forma rara de c\u00e1ncer de la sangre, en 2022 despu\u00e9s de notar gl\u00e1ndulas inflamadas durante una gira de prensa para su pel\u00edcula,\u00a0<em>Jurassic World Dominion.<\/em><\/p>\n\n\n\n<blockquote class=\"wp-block-quote is-layout-flow wp-block-quote-is-layout-flow\"><p>&#8220;No puedo pretender que el a\u00f1o pasado no haya tenido sus momentos oscuros&#8221;, le dijo a<em>\u00a0The Guardian<\/em>\u00a0en una entrevista publicada el 17 de marzo. &#8220;Pero esos momentos oscuros arrojan luz sobre un fuerte relieve, ya sabes, y me han hecho sentir agradecido por cada d\u00eda e inmensamente agradecido por todos mis amigos. Simplemente feliz de estar vivo&#8221;.<\/p><\/blockquote>\n\n\n\n<p>Aunque ahora libre de c\u00e1ncer, el viaje de Neill tuvo algunos baches. Seg\u00fan&nbsp;<em>The Guardian<\/em>, su primer tratamiento no funcion\u00f3, lo que lo llev\u00f3 a recurrir a un medicamento de quimioterapia que recibir\u00e1 mensualmente por el resto de su vida.<\/p>\n\n\n\n<p>&#8220;No estoy libre como tal&#8221;, se\u00f1al\u00f3 el actor de 75 a\u00f1os, &#8220;pero no hay c\u00e1ncer en mi cuerpo&#8221;.<\/p>\n\n\n\n<p>Despu\u00e9s de todo lo que ha pasado, Neill se marcha con una nueva perspectiva de la vida.<\/p>\n\n\n\n<p>Fuente: E!<\/p>\n","protected":false},"excerpt":{"rendered":"<p>El actor comparti\u00f3 que le diagnosticaron linfoma angioinmunobl\u00e1stico de c\u00e9lulas T, una forma rara de c\u00e1ncer de la sangre, en 2022 despu\u00e9s de notar gl\u00e1ndulas inflamadas durante una gira de prensa para su pel\u00edcula,\u00a0Jurassic World Dominion. &#8220;No puedo pretender que el a\u00f1o pasado no haya tenido sus momentos oscuros&#8221;, le dijo a\u00a0The Guardian\u00a0en una entrevista [&hellip;]<\/p>\n","protected":false},"author":35,"featured_media":66093,"comment_status":"open","ping_status":"open","sticky":false,"template":"","format":"standard","meta":{"_monsterinsights_skip_tracking":false,"_monsterinsights_sitenote_active":false,"_monsterinsights_sitenote_note":"","_monsterinsights_sitenote_category":0,"footnotes":""},"categories":[576],"tags":[797,23999,3582,23998],"class_list":["post-99290","post","type-post","status-publish","format-standard","has-post-thumbnail","hentry","category-ocio","tag-cancer","tag-diagnosticado","tag-jurassic-park","tag-sam-neill","wp-image-borders"],"amp_enabled":true,"_links":{"self":[{"href":"https:\/\/nvnoticias.mx\/index.php\/wp-json\/wp\/v2\/posts\/99290","targetHints":{"allow":["GET"]}}],"collection":[{"href":"https:\/\/nvnoticias.mx\/index.php\/wp-json\/wp\/v2\/posts"}],"about":[{"href":"https:\/\/nvnoticias.mx\/index.php\/wp-json\/wp\/v2\/types\/post"}],"author":[{"embeddable":true,"href":"https:\/\/nvnoticias.mx\/index.php\/wp-json\/wp\/v2\/users\/35"}],"replies":[{"embeddable":true,"href":"https:\/\/nvnoticias.mx\/index.php\/wp-json\/wp\/v2\/comments?post=99290"}],"version-history":[{"count":3,"href":"https:\/\/nvnoticias.mx\/index.php\/wp-json\/wp\/v2\/posts\/99290\/revisions"}],"predecessor-version":[{"id":99293,"href":"https:\/\/nvnoticias.mx\/index.php\/wp-json\/wp\/v2\/posts\/99290\/revisions\/99293"}],"wp:featuredmedia":[{"embeddable":true,"href":"https:\/\/nvnoticias.mx\/index.php\/wp-json\/wp\/v2\/media\/66093"}],"wp:attachment":[{"href":"https:\/\/nvnoticias.mx\/index.php\/wp-json\/wp\/v2\/media?parent=99290"}],"wp:term":[{"taxonomy":"category","embeddable":true,"href":"https:\/\/nvnoticias.mx\/index.php\/wp-json\/wp\/v2\/categories?post=99290"},{"taxonomy":"post_tag","embeddable":true,"href":"https:\/\/nvnoticias.mx\/index.php\/wp-json\/wp\/v2\/tags?post=99290"}],"curies":[{"name":"wp","href":"https:\/\/api.w.org\/{rel}","templated":true}]}}