{"id":99245,"date":"2023-03-18T12:51:14","date_gmt":"2023-03-18T18:51:14","guid":{"rendered":"https:\/\/nvnoticias.mx\/?p=99245"},"modified":"2023-03-18T12:51:15","modified_gmt":"2023-03-18T18:51:15","slug":"activan-alerta-gris-por-frente-frio-41","status":"publish","type":"post","link":"https:\/\/nvnoticias.mx\/index.php\/2023\/03\/18\/activan-alerta-gris-por-frente-frio-41\/","title":{"rendered":"Activan alerta gris por Frente fr\u00edo 41"},"content":{"rendered":"\n<p>Por Frente Fr\u00edo 41, este s\u00e1bado 18 de marzo de acuerdo a la actualizaci\u00f3n del pron\u00f3stico del tiempo, se activo la alerta gris en Veracruz y Boca del R\u00edo que persistir\u00e1 el evento de Norte con rachas m\u00e1ximas estimadas de 70 a 85 km\/hr., con probable reintensificaci\u00f3n el domingo 19 con posibles rachas fuertes de viento.<\/p>\n\n\n\n<figure class=\"wp-block-image size-large is-resized\"><img loading=\"lazy\" decoding=\"async\" src=\"https:\/\/nvnoticias.mx\/wp-content\/uploads\/2023\/03\/FB_IMG_1679165261728-1024x1024.jpg\" alt=\"\" class=\"wp-image-99246\" width=\"605\" height=\"605\" srcset=\"https:\/\/nvnoticias.mx\/wp-content\/uploads\/2023\/03\/FB_IMG_1679165261728-1024x1024.jpg 1024w, https:\/\/nvnoticias.mx\/wp-content\/uploads\/2023\/03\/FB_IMG_1679165261728-300x300.jpg 300w, https:\/\/nvnoticias.mx\/wp-content\/uploads\/2023\/03\/FB_IMG_1679165261728-150x150.jpg 150w, https:\/\/nvnoticias.mx\/wp-content\/uploads\/2023\/03\/FB_IMG_1679165261728-768x768.jpg 768w, https:\/\/nvnoticias.mx\/wp-content\/uploads\/2023\/03\/FB_IMG_1679165261728-600x600.jpg 600w, https:\/\/nvnoticias.mx\/wp-content\/uploads\/2023\/03\/FB_IMG_1679165261728-100x100.jpg 100w, https:\/\/nvnoticias.mx\/wp-content\/uploads\/2023\/03\/FB_IMG_1679165261728.jpg 1080w\" sizes=\"auto, (max-width: 605px) 100vw, 605px\" \/><\/figure>\n\n\n\n<p><\/p>\n","protected":false},"excerpt":{"rendered":"<p>Por Frente Fr\u00edo 41, este s\u00e1bado 18 de marzo de acuerdo a la actualizaci\u00f3n del pron\u00f3stico del tiempo, se activo la alerta gris en Veracruz y Boca del R\u00edo que persistir\u00e1 el evento de Norte con rachas m\u00e1ximas estimadas de 70 a 85 km\/hr., con probable reintensificaci\u00f3n el domingo 19 con posibles rachas fuertes de [&hellip;]<\/p>\n","protected":false},"author":35,"featured_media":79065,"comment_status":"open","ping_status":"open","sticky":false,"template":"","format":"standard","meta":{"_monsterinsights_skip_tracking":false,"_monsterinsights_sitenote_active":false,"_monsterinsights_sitenote_note":"","_monsterinsights_sitenote_category":0,"footnotes":""},"categories":[154],"tags":[5677,23988],"class_list":["post-99245","post","type-post","status-publish","format-standard","has-post-thumbnail","hentry","category-veracruz","tag-alerta-gris","tag-frente-frio-41","wp-image-borders"],"amp_enabled":true,"_links":{"self":[{"href":"https:\/\/nvnoticias.mx\/index.php\/wp-json\/wp\/v2\/posts\/99245","targetHints":{"allow":["GET"]}}],"collection":[{"href":"https:\/\/nvnoticias.mx\/index.php\/wp-json\/wp\/v2\/posts"}],"about":[{"href":"https:\/\/nvnoticias.mx\/index.php\/wp-json\/wp\/v2\/types\/post"}],"author":[{"embeddable":true,"href":"https:\/\/nvnoticias.mx\/index.php\/wp-json\/wp\/v2\/users\/35"}],"replies":[{"embeddable":true,"href":"https:\/\/nvnoticias.mx\/index.php\/wp-json\/wp\/v2\/comments?post=99245"}],"version-history":[{"count":1,"href":"https:\/\/nvnoticias.mx\/index.php\/wp-json\/wp\/v2\/posts\/99245\/revisions"}],"predecessor-version":[{"id":99247,"href":"https:\/\/nvnoticias.mx\/index.php\/wp-json\/wp\/v2\/posts\/99245\/revisions\/99247"}],"wp:featuredmedia":[{"embeddable":true,"href":"https:\/\/nvnoticias.mx\/index.php\/wp-json\/wp\/v2\/media\/79065"}],"wp:attachment":[{"href":"https:\/\/nvnoticias.mx\/index.php\/wp-json\/wp\/v2\/media?parent=99245"}],"wp:term":[{"taxonomy":"category","embeddable":true,"href":"https:\/\/nvnoticias.mx\/index.php\/wp-json\/wp\/v2\/categories?post=99245"},{"taxonomy":"post_tag","embeddable":true,"href":"https:\/\/nvnoticias.mx\/index.php\/wp-json\/wp\/v2\/tags?post=99245"}],"curies":[{"name":"wp","href":"https:\/\/api.w.org\/{rel}","templated":true}]}}