{"id":99173,"date":"2023-03-17T17:06:25","date_gmt":"2023-03-17T23:06:25","guid":{"rendered":"https:\/\/nvnoticias.mx\/?p=99173"},"modified":"2023-03-17T17:06:27","modified_gmt":"2023-03-17T23:06:27","slug":"supervisa-presidente-municipal-construccion-del-colector-monte-everest","status":"publish","type":"post","link":"https:\/\/nvnoticias.mx\/index.php\/2023\/03\/17\/supervisa-presidente-municipal-construccion-del-colector-monte-everest\/","title":{"rendered":"Supervisa Presidente Municipal construcci\u00f3n del colector Monte Everest"},"content":{"rendered":"\n<p>Xalapa, Ver.- Con el fin de verificar el avance que registra la construcci\u00f3n del colector pluvial Monte Everest, en las colonias Higueras y Casa Blanca, el presidente municipal Ricardo Ahued Bardahuil realiz\u00f3 un recorrido de supervisi\u00f3n por esta obra, que tiene una longitud de m\u00e1s de mil 254 metros lineales.<\/p>\n\n\n\n<p>La obra comprende trabajos de excavaci\u00f3n, rehabilitaci\u00f3n de las redes de agua potable y de drenaje sanitario, instalaci\u00f3n de registros, introducci\u00f3n de caj\u00f3n de 2 metros y reposici\u00f3n de pavimento. Con ello, se beneficiar\u00e1 a m\u00e1s de 30 mil personas que por a\u00f1os padecieron afectaciones a su patrimonio durante la temporada de lluvias.<\/p>\n\n\n\n<p>Lo acompa\u00f1aron las regidoras y regidores, Helen Sarmiento Ja\u00e9n, Guadalupe M\u00e1rquez Leonardo, Daniel Fern\u00e1ndez Carri\u00f3n y Alfonso Marcos Garc\u00eda Castillo, as\u00ed como el agente municipal de El Castillo, \u00d3scar Luna Mendoza, entre otros.<\/p>\n\n\n\n<figure class=\"wp-block-gallery columns-2 is-cropped wp-block-gallery-1 is-layout-flex wp-block-gallery-is-layout-flex\"><ul class=\"blocks-gallery-grid\"><li class=\"blocks-gallery-item\"><figure><img loading=\"lazy\" decoding=\"async\" width=\"673\" height=\"1024\" src=\"https:\/\/nvnoticias.mx\/wp-content\/uploads\/2023\/03\/WhatsApp-Image-2023-03-17-at-4.55.03-PM-673x1024.jpeg\" alt=\"\" data-id=\"99174\" data-link=\"https:\/\/nvnoticias.mx\/?attachment_id=99174\" class=\"wp-image-99174\" srcset=\"https:\/\/nvnoticias.mx\/wp-content\/uploads\/2023\/03\/WhatsApp-Image-2023-03-17-at-4.55.03-PM-673x1024.jpeg 673w, https:\/\/nvnoticias.mx\/wp-content\/uploads\/2023\/03\/WhatsApp-Image-2023-03-17-at-4.55.03-PM-197x300.jpeg 197w, https:\/\/nvnoticias.mx\/wp-content\/uploads\/2023\/03\/WhatsApp-Image-2023-03-17-at-4.55.03-PM-768x1169.jpeg 768w, https:\/\/nvnoticias.mx\/wp-content\/uploads\/2023\/03\/WhatsApp-Image-2023-03-17-at-4.55.03-PM-1009x1536.jpeg 1009w, https:\/\/nvnoticias.mx\/wp-content\/uploads\/2023\/03\/WhatsApp-Image-2023-03-17-at-4.55.03-PM.jpeg 1051w\" sizes=\"auto, (max-width: 673px) 100vw, 673px\" \/><\/figure><\/li><li class=\"blocks-gallery-item\"><figure><img loading=\"lazy\" decoding=\"async\" width=\"678\" height=\"1024\" src=\"https:\/\/nvnoticias.mx\/wp-content\/uploads\/2023\/03\/WhatsApp-Image-2023-03-17-at-4.55.04-PM-678x1024.jpeg\" alt=\"\" data-id=\"99175\" data-full-url=\"https:\/\/nvnoticias.mx\/wp-content\/uploads\/2023\/03\/WhatsApp-Image-2023-03-17-at-4.55.04-PM.jpeg\" data-link=\"https:\/\/nvnoticias.mx\/?attachment_id=99175\" class=\"wp-image-99175\" srcset=\"https:\/\/nvnoticias.mx\/wp-content\/uploads\/2023\/03\/WhatsApp-Image-2023-03-17-at-4.55.04-PM-678x1024.jpeg 678w, https:\/\/nvnoticias.mx\/wp-content\/uploads\/2023\/03\/WhatsApp-Image-2023-03-17-at-4.55.04-PM-199x300.jpeg 199w, https:\/\/nvnoticias.mx\/wp-content\/uploads\/2023\/03\/WhatsApp-Image-2023-03-17-at-4.55.04-PM-768x1159.jpeg 768w, https:\/\/nvnoticias.mx\/wp-content\/uploads\/2023\/03\/WhatsApp-Image-2023-03-17-at-4.55.04-PM-1018x1536.jpeg 1018w, https:\/\/nvnoticias.mx\/wp-content\/uploads\/2023\/03\/WhatsApp-Image-2023-03-17-at-4.55.04-PM.jpeg 1060w\" sizes=\"auto, (max-width: 678px) 100vw, 678px\" \/><\/figure><\/li><\/ul><\/figure>\n","protected":false},"excerpt":{"rendered":"<p>Xalapa, Ver.- Con el fin de verificar el avance que registra la construcci\u00f3n del colector pluvial Monte Everest, en las colonias Higueras y Casa Blanca, el presidente municipal Ricardo Ahued Bardahuil realiz\u00f3 un recorrido de supervisi\u00f3n por esta obra, que tiene una longitud de m\u00e1s de mil 254 metros lineales. La obra comprende trabajos de [&hellip;]<\/p>\n","protected":false},"author":8,"featured_media":99176,"comment_status":"open","ping_status":"open","sticky":false,"template":"","format":"standard","meta":{"_monsterinsights_skip_tracking":false,"_monsterinsights_sitenote_active":false,"_monsterinsights_sitenote_note":"","_monsterinsights_sitenote_category":0,"footnotes":""},"categories":[156],"tags":[23979,2676],"class_list":["post-99173","post","type-post","status-publish","format-standard","has-post-thumbnail","hentry","category-estado","tag-colector-monte-everest","tag-construccion","wp-image-borders"],"amp_enabled":true,"_links":{"self":[{"href":"https:\/\/nvnoticias.mx\/index.php\/wp-json\/wp\/v2\/posts\/99173","targetHints":{"allow":["GET"]}}],"collection":[{"href":"https:\/\/nvnoticias.mx\/index.php\/wp-json\/wp\/v2\/posts"}],"about":[{"href":"https:\/\/nvnoticias.mx\/index.php\/wp-json\/wp\/v2\/types\/post"}],"author":[{"embeddable":true,"href":"https:\/\/nvnoticias.mx\/index.php\/wp-json\/wp\/v2\/users\/8"}],"replies":[{"embeddable":true,"href":"https:\/\/nvnoticias.mx\/index.php\/wp-json\/wp\/v2\/comments?post=99173"}],"version-history":[{"count":1,"href":"https:\/\/nvnoticias.mx\/index.php\/wp-json\/wp\/v2\/posts\/99173\/revisions"}],"predecessor-version":[{"id":99177,"href":"https:\/\/nvnoticias.mx\/index.php\/wp-json\/wp\/v2\/posts\/99173\/revisions\/99177"}],"wp:featuredmedia":[{"embeddable":true,"href":"https:\/\/nvnoticias.mx\/index.php\/wp-json\/wp\/v2\/media\/99176"}],"wp:attachment":[{"href":"https:\/\/nvnoticias.mx\/index.php\/wp-json\/wp\/v2\/media?parent=99173"}],"wp:term":[{"taxonomy":"category","embeddable":true,"href":"https:\/\/nvnoticias.mx\/index.php\/wp-json\/wp\/v2\/categories?post=99173"},{"taxonomy":"post_tag","embeddable":true,"href":"https:\/\/nvnoticias.mx\/index.php\/wp-json\/wp\/v2\/tags?post=99173"}],"curies":[{"name":"wp","href":"https:\/\/api.w.org\/{rel}","templated":true}]}}