{"id":99116,"date":"2023-03-17T12:43:32","date_gmt":"2023-03-17T18:43:32","guid":{"rendered":"https:\/\/nvnoticias.mx\/?p=99116"},"modified":"2023-03-17T12:43:32","modified_gmt":"2023-03-17T18:43:32","slug":"murio-fito-olivares-cantante-de-juana-la-cubana-a-los-75-anos","status":"publish","type":"post","link":"https:\/\/nvnoticias.mx\/index.php\/2023\/03\/17\/murio-fito-olivares-cantante-de-juana-la-cubana-a-los-75-anos\/","title":{"rendered":"Muri\u00f3 Fito Olivares, cantante de \u2018Juana la cubana\u2019, a los 75 a\u00f1os"},"content":{"rendered":"\n<p>El\u00a0saxofonista\u00a0Fito Olivares\u00a0falleci\u00f3 a los 75 a\u00f1os, por lo que dej\u00f3 un legado de m\u00e1s de 50 a\u00f1os dedicado a la industria musical. Entre sus principales \u00e9xitos se encuentran canciones como \u2018Juana la cubana\u2019, \u2018El Colesterol\u2019 y \u2018La Gallinita\u2019.<\/p>\n\n\n\n<p>La noticia fue confirmada por su esposa al canal de YouTube de Ra\u00fal Brindis despu\u00e9s de que afirmara que pas\u00f3 los \u00faltimos tres d\u00edas dormido todo el d\u00eda y sin comer tras padecer\u00a0c\u00e1ncer.<\/p>\n\n\n\n<blockquote class=\"wp-block-quote is-layout-flow wp-block-quote-is-layout-flow\"><p>\u201c<em>Fue diagnosticado hace como unos ochos meses, pero no sab\u00edamos qu\u00e9 tan grave iba a ser. Los doctores le dieron un tiempo, le dijeron de tantos meses y gracias a Dios dur\u00f3 un poquito m\u00e1s de lo que los doctores nos dijeron. Estaba ya muy avanzado su c\u00e1ncer. Es un c\u00e1ncer que se llama\u00a0mieloma m\u00faltiple, le afecta las c\u00e9lulas blancas, la m\u00e9dula \u00f3sea, los huesos y estaba muy debilitado\u201d<\/em>, expres\u00f3.<\/p><\/blockquote>\n\n\n\n<p>Rodolfo Olivares, su nombre real, era conocido como \u2018El rey de la cumbia\u2019 por sus aportes a popularizar el g\u00e9nero. A lo largo de su trayectoria integr\u00f3 agrupaciones musicales, aunque tambi\u00e9n forj\u00f3 una carrera como solista.<\/p>\n\n\n\n<h4 class=\"wp-block-heading\">\u00bfQui\u00e9n fue el m\u00fasico Fito Olivares?<\/h4>\n\n\n\n<p>El nacido en abril de 1947 en Camargo, Tamaulipas, despert\u00f3 su gusto musical desde muy temprana edad por influencia de su padre, que le ense\u00f1\u00f3 y ensayaban juntos desde que ten\u00eda 12 a\u00f1os. Aunque en un principio comenz\u00f3 con el acorde\u00f3n, se convirti\u00f3 en uno de los m\u00e1s populares saxofonistas.<\/p>\n\n\n\n<p>Se prepar\u00f3 en una academia comercial en 1961, por lo que trabaj\u00f3 en contabilidad como parte de algunos negocios. Profesionalmente comenz\u00f3 a tocar en 1963 y posteriormente integr\u00f3 la agrupaci\u00f3n\u00a0Dueto Estrella.<\/p>\n\n\n\n<p>Junto a sus hermanos Javier y Jaime form\u00f3\u00a0Tam y Tex\u00a0en 1979; un a\u00f1o despu\u00e9s surgi\u00f3\u00a0Fito Olivares y su Grupo La Pura Sabrosura. Mientras que \u2018Juana la Cubana\u2019 cuenta con m\u00e1s de 50 versiones grabadas, \u2018El Colesterol\u2019 gan\u00f3 un premio ASCAP (en 1996) como mejor canci\u00f3n en la categor\u00eda de regional mexicano. Desde su lado empresarial cre\u00f3 su estudio de grabaci\u00f3n Japonica Studio.<\/p>\n","protected":false},"excerpt":{"rendered":"<p>El\u00a0saxofonista\u00a0Fito Olivares\u00a0falleci\u00f3 a los 75 a\u00f1os, por lo que dej\u00f3 un legado de m\u00e1s de 50 a\u00f1os dedicado a la industria musical. Entre sus principales \u00e9xitos se encuentran canciones como \u2018Juana la cubana\u2019, \u2018El Colesterol\u2019 y \u2018La Gallinita\u2019. La noticia fue confirmada por su esposa al canal de YouTube de Ra\u00fal Brindis despu\u00e9s de que [&hellip;]<\/p>\n","protected":false},"author":8,"featured_media":99117,"comment_status":"open","ping_status":"open","sticky":false,"template":"","format":"standard","meta":{"_monsterinsights_skip_tracking":false,"_monsterinsights_sitenote_active":false,"_monsterinsights_sitenote_note":"","_monsterinsights_sitenote_category":0,"footnotes":""},"categories":[576],"tags":[23969,23968,4050],"class_list":["post-99116","post","type-post","status-publish","format-standard","has-post-thumbnail","hentry","category-ocio","tag-cumbia","tag-fito-olivares","tag-musica","wp-image-borders"],"amp_enabled":true,"_links":{"self":[{"href":"https:\/\/nvnoticias.mx\/index.php\/wp-json\/wp\/v2\/posts\/99116","targetHints":{"allow":["GET"]}}],"collection":[{"href":"https:\/\/nvnoticias.mx\/index.php\/wp-json\/wp\/v2\/posts"}],"about":[{"href":"https:\/\/nvnoticias.mx\/index.php\/wp-json\/wp\/v2\/types\/post"}],"author":[{"embeddable":true,"href":"https:\/\/nvnoticias.mx\/index.php\/wp-json\/wp\/v2\/users\/8"}],"replies":[{"embeddable":true,"href":"https:\/\/nvnoticias.mx\/index.php\/wp-json\/wp\/v2\/comments?post=99116"}],"version-history":[{"count":1,"href":"https:\/\/nvnoticias.mx\/index.php\/wp-json\/wp\/v2\/posts\/99116\/revisions"}],"predecessor-version":[{"id":99118,"href":"https:\/\/nvnoticias.mx\/index.php\/wp-json\/wp\/v2\/posts\/99116\/revisions\/99118"}],"wp:featuredmedia":[{"embeddable":true,"href":"https:\/\/nvnoticias.mx\/index.php\/wp-json\/wp\/v2\/media\/99117"}],"wp:attachment":[{"href":"https:\/\/nvnoticias.mx\/index.php\/wp-json\/wp\/v2\/media?parent=99116"}],"wp:term":[{"taxonomy":"category","embeddable":true,"href":"https:\/\/nvnoticias.mx\/index.php\/wp-json\/wp\/v2\/categories?post=99116"},{"taxonomy":"post_tag","embeddable":true,"href":"https:\/\/nvnoticias.mx\/index.php\/wp-json\/wp\/v2\/tags?post=99116"}],"curies":[{"name":"wp","href":"https:\/\/api.w.org\/{rel}","templated":true}]}}