{"id":99037,"date":"2023-03-17T10:01:36","date_gmt":"2023-03-17T16:01:36","guid":{"rendered":"https:\/\/nvnoticias.mx\/?p=99037"},"modified":"2023-03-17T10:01:37","modified_gmt":"2023-03-17T16:01:37","slug":"quedaron-definidos-los-cuartos-de-final-de-la-europa-league","status":"publish","type":"post","link":"https:\/\/nvnoticias.mx\/index.php\/2023\/03\/17\/quedaron-definidos-los-cuartos-de-final-de-la-europa-league\/","title":{"rendered":"Quedaron definidos los Cuartos de Final de la Europa League"},"content":{"rendered":"\n<p>La\u00a0UEFA Europa League\u00a0vivi\u00f3 el sorteo para definir como se jugar\u00e1n los Cuartos de Final, instancia en la que el mexicano\u00a0Santiago Gim\u00e9nez\u00a0buscar\u00e1 mantener vivo el sue\u00f1o de ser campe\u00f3n pero tendr\u00e1 que pasar por encima de la Roma.<\/p>\n\n\n\n<p>Otro encuentro por dem\u00e1s atractivo es el que sostendr\u00e1n el Manchester United ante el Sevilla, equipo donde milita el mexicano Jes\u00fas &#8216;Tecatito&#8217; Corona. <\/p>\n\n\n\n<p>Feyenoord vs. Roma<\/p>\n\n\n\n<p>Manchester United vs. Sevilla<\/p>\n\n\n\n<p>Juventus vs. Sporting<\/p>\n\n\n\n<p>Bayern Leverkusen vs. Union SG<\/p>\n\n\n\n<div class=\"wp-block-image\"><figure class=\"aligncenter size-large is-resized\"><img loading=\"lazy\" decoding=\"async\" src=\"https:\/\/nvnoticias.mx\/wp-content\/uploads\/2023\/03\/WhatsApp-Image-2023-03-17-at-10.00.06-AM.jpeg\" alt=\"\" class=\"wp-image-99044\" width=\"568\" height=\"656\" srcset=\"https:\/\/nvnoticias.mx\/wp-content\/uploads\/2023\/03\/WhatsApp-Image-2023-03-17-at-10.00.06-AM.jpeg 866w, https:\/\/nvnoticias.mx\/wp-content\/uploads\/2023\/03\/WhatsApp-Image-2023-03-17-at-10.00.06-AM-260x300.jpeg 260w, https:\/\/nvnoticias.mx\/wp-content\/uploads\/2023\/03\/WhatsApp-Image-2023-03-17-at-10.00.06-AM-768x887.jpeg 768w\" sizes=\"auto, (max-width: 568px) 100vw, 568px\" \/><\/figure><\/div>\n\n\n\n<p>Los partidos de Ida ser\u00e1n el pr\u00f3ximo 13 de abril y el 20 se jugar\u00e1n los de Vuelta.<\/p>\n","protected":false},"excerpt":{"rendered":"<p>La\u00a0UEFA Europa League\u00a0vivi\u00f3 el sorteo para definir como se jugar\u00e1n los Cuartos de Final, instancia en la que el mexicano\u00a0Santiago Gim\u00e9nez\u00a0buscar\u00e1 mantener vivo el sue\u00f1o de ser campe\u00f3n pero tendr\u00e1 que pasar por encima de la Roma. Otro encuentro por dem\u00e1s atractivo es el que sostendr\u00e1n el Manchester United ante el Sevilla, equipo donde milita [&hellip;]<\/p>\n","protected":false},"author":8,"featured_media":99046,"comment_status":"open","ping_status":"open","sticky":false,"template":"","format":"standard","meta":{"_monsterinsights_skip_tracking":false,"_monsterinsights_sitenote_active":false,"_monsterinsights_sitenote_note":"","_monsterinsights_sitenote_category":0,"footnotes":""},"categories":[159],"tags":[3288,3479],"class_list":["post-99037","post","type-post","status-publish","format-standard","has-post-thumbnail","hentry","category-deportes","tag-cuartos-de-final","tag-europa-league","wp-image-borders"],"amp_enabled":true,"_links":{"self":[{"href":"https:\/\/nvnoticias.mx\/index.php\/wp-json\/wp\/v2\/posts\/99037","targetHints":{"allow":["GET"]}}],"collection":[{"href":"https:\/\/nvnoticias.mx\/index.php\/wp-json\/wp\/v2\/posts"}],"about":[{"href":"https:\/\/nvnoticias.mx\/index.php\/wp-json\/wp\/v2\/types\/post"}],"author":[{"embeddable":true,"href":"https:\/\/nvnoticias.mx\/index.php\/wp-json\/wp\/v2\/users\/8"}],"replies":[{"embeddable":true,"href":"https:\/\/nvnoticias.mx\/index.php\/wp-json\/wp\/v2\/comments?post=99037"}],"version-history":[{"count":1,"href":"https:\/\/nvnoticias.mx\/index.php\/wp-json\/wp\/v2\/posts\/99037\/revisions"}],"predecessor-version":[{"id":99047,"href":"https:\/\/nvnoticias.mx\/index.php\/wp-json\/wp\/v2\/posts\/99037\/revisions\/99047"}],"wp:featuredmedia":[{"embeddable":true,"href":"https:\/\/nvnoticias.mx\/index.php\/wp-json\/wp\/v2\/media\/99046"}],"wp:attachment":[{"href":"https:\/\/nvnoticias.mx\/index.php\/wp-json\/wp\/v2\/media?parent=99037"}],"wp:term":[{"taxonomy":"category","embeddable":true,"href":"https:\/\/nvnoticias.mx\/index.php\/wp-json\/wp\/v2\/categories?post=99037"},{"taxonomy":"post_tag","embeddable":true,"href":"https:\/\/nvnoticias.mx\/index.php\/wp-json\/wp\/v2\/tags?post=99037"}],"curies":[{"name":"wp","href":"https:\/\/api.w.org\/{rel}","templated":true}]}}