{"id":98987,"date":"2023-03-16T18:12:09","date_gmt":"2023-03-17T00:12:09","guid":{"rendered":"https:\/\/nvnoticias.mx\/?p=98987"},"modified":"2023-03-16T18:12:10","modified_gmt":"2023-03-17T00:12:10","slug":"carnavales-de-tlalixcoyan-no-merman-trabajos-en-obra-publica-alcaldesa","status":"publish","type":"post","link":"https:\/\/nvnoticias.mx\/index.php\/2023\/03\/16\/carnavales-de-tlalixcoyan-no-merman-trabajos-en-obra-publica-alcaldesa\/","title":{"rendered":"Carnavales de Tlalixcoyan no merman trabajos en obra p\u00fablica: Alcaldesa"},"content":{"rendered":"\n<p><strong>Jes\u00fas Utrilla \/ NV Noticias<\/strong><\/p>\n\n\n\n<p>La alcaldesa Elvia Illescas Loyo asegur\u00f3 que, pese a que existen varios Carnavales en el municipio, se esmeran en eficientar el recurso para que no afecte las obras p\u00fablicas planeadas para este 2023. <\/p>\n\n\n\n<blockquote class=\"wp-block-quote is-layout-flow wp-block-quote-is-layout-flow\"><p><em>&#8220;Nosotros tenemos varios carnavales en las localidades, entonces no solamente es un carnaval, son varios los carnavales que hay en el municipio de Tlalixcoyan. Y una parte muy importante es la obra p\u00fablica, nuestro principal objetivo es poder llevarle las cosas que necesitan a la ciudadan\u00eda, entonces, una parte es diversi\u00f3n, pero otra parte es nuestra labor como municipio, que es cubrir las necesidades de nuestras comunidades<\/em>&#8220;, destac\u00f3.<\/p><\/blockquote>\n\n\n\n<p>Las fechas m\u00e1s importantes ser\u00e1n las de el Carnaval de Tlalixcoyan, del 30 de marzo al 3 de abril; y el Carnaval de Piedras Negras, del 27 de abril al 1 de Mayo. <\/p>\n\n\n\n<p>En ambos espacios se busca aumentar la derrama econ\u00f3mica del municipio, sobre todo impulsando a las emprendedoras tlalixcoyenses.<\/p>\n\n\n\n<blockquote class=\"wp-block-quote is-layout-flow wp-block-quote-is-layout-flow\"><p>&#8220;<em>Una parte muy importante es reactivar la econom\u00eda, ya sea aqu\u00ed en el municipio (cabecera) o las localidades, pero sobre todo tambi\u00e9n que en este Carnaval se espera que venga mucha gente de los alrededores (&#8230;) apenas lo estamos planteando bien, a ver si tambi\u00e9n va a estar la Expo de Mujeres Emprendedoras durante alg\u00fan d\u00eda del Carnaval, los paseos van a ser diferentes, no les quiero adelantar mucho, pero como siempre hay mucha m\u00e1s afluencia de gente durante los fines de seman<\/em>a&#8221;, culmin\u00f3.<\/p><\/blockquote>\n","protected":false},"excerpt":{"rendered":"<p>Jes\u00fas Utrilla \/ NV Noticias La alcaldesa Elvia Illescas Loyo asegur\u00f3 que, pese a que existen varios Carnavales en el municipio, se esmeran en eficientar el recurso para que no afecte las obras p\u00fablicas planeadas para este 2023. &#8220;Nosotros tenemos varios carnavales en las localidades, entonces no solamente es un carnaval, son varios los carnavales [&hellip;]<\/p>\n","protected":false},"author":8,"featured_media":98989,"comment_status":"open","ping_status":"open","sticky":false,"template":"","format":"standard","meta":{"_monsterinsights_skip_tracking":false,"_monsterinsights_sitenote_active":false,"_monsterinsights_sitenote_note":"","_monsterinsights_sitenote_category":0,"footnotes":""},"categories":[154],"tags":[6642,2773,3540],"class_list":["post-98987","post","type-post","status-publish","format-standard","has-post-thumbnail","hentry","category-veracruz","tag-carnavales","tag-obra-publica","tag-tlalixcoyan","wp-image-borders"],"amp_enabled":true,"_links":{"self":[{"href":"https:\/\/nvnoticias.mx\/index.php\/wp-json\/wp\/v2\/posts\/98987","targetHints":{"allow":["GET"]}}],"collection":[{"href":"https:\/\/nvnoticias.mx\/index.php\/wp-json\/wp\/v2\/posts"}],"about":[{"href":"https:\/\/nvnoticias.mx\/index.php\/wp-json\/wp\/v2\/types\/post"}],"author":[{"embeddable":true,"href":"https:\/\/nvnoticias.mx\/index.php\/wp-json\/wp\/v2\/users\/8"}],"replies":[{"embeddable":true,"href":"https:\/\/nvnoticias.mx\/index.php\/wp-json\/wp\/v2\/comments?post=98987"}],"version-history":[{"count":1,"href":"https:\/\/nvnoticias.mx\/index.php\/wp-json\/wp\/v2\/posts\/98987\/revisions"}],"predecessor-version":[{"id":98990,"href":"https:\/\/nvnoticias.mx\/index.php\/wp-json\/wp\/v2\/posts\/98987\/revisions\/98990"}],"wp:featuredmedia":[{"embeddable":true,"href":"https:\/\/nvnoticias.mx\/index.php\/wp-json\/wp\/v2\/media\/98989"}],"wp:attachment":[{"href":"https:\/\/nvnoticias.mx\/index.php\/wp-json\/wp\/v2\/media?parent=98987"}],"wp:term":[{"taxonomy":"category","embeddable":true,"href":"https:\/\/nvnoticias.mx\/index.php\/wp-json\/wp\/v2\/categories?post=98987"},{"taxonomy":"post_tag","embeddable":true,"href":"https:\/\/nvnoticias.mx\/index.php\/wp-json\/wp\/v2\/tags?post=98987"}],"curies":[{"name":"wp","href":"https:\/\/api.w.org\/{rel}","templated":true}]}}