{"id":98911,"date":"2023-03-16T11:10:30","date_gmt":"2023-03-16T17:10:30","guid":{"rendered":"https:\/\/nvnoticias.mx\/?p=98911"},"modified":"2023-03-16T11:10:31","modified_gmt":"2023-03-16T17:10:31","slug":"celebraron-8-mil-500-matrimonios-en-marco-del-mes-del-amor","status":"publish","type":"post","link":"https:\/\/nvnoticias.mx\/index.php\/2023\/03\/16\/celebraron-8-mil-500-matrimonios-en-marco-del-mes-del-amor\/","title":{"rendered":"Celebraron 8 mil 500 matrimonios en marco del mes del amor"},"content":{"rendered":"\n<p><strong>Sam Ojeda \/ NV Noticias<\/strong><\/p>\n\n\n\n<p>Xalapa.- En el estado de Veracruz se celebraron 8 mil 500 matrimonios colectivos en el marco de las celebraciones del D\u00eda del Amor y la Amistad.&nbsp;<\/p>\n\n\n\n<p>El secretario de Gobierno Eric Cisneros Burgos, dijo que se trata de la cifra m\u00e1s alta registrada en los \u00faltimos 10 a\u00f1os.<\/p>\n\n\n\n<p>Y asegur\u00f3 que en 4 a\u00f1os la actual administraci\u00f3n ha logrado pasar del \u00faltimo al primer lugar en el pa\u00eds en atenci\u00f3n ciudadana de tr\u00e1mites registrales.<\/p>\n\n\n\n<p>El funcionario detall\u00f3 que a trav\u00e9s de las brigadas itinerantes del Registro Civil recorren todo el estado a fin de brindar certeza jur\u00eddica y bienestar social a la poblaci\u00f3n veracruzana.<\/p>\n\n\n\n<p>Dijo que se llevan tr\u00e1mites registrales como copias certificadas de nacimiento, registros extempor\u00e1neos, rectificaciones administrativas, alta en sistema y asesor\u00edas jur\u00eddicas con servicios totalmente gratuitos.<\/p>\n\n\n\n<p>Cisneros Burgos record\u00f3 que ahora la Secretar\u00eda de Gobernaci\u00f3n administrar\u00e1 los datos de la poblaci\u00f3n, garantizando el derecho a la identidad de las personas y el acceso al servicio que proporcionan.<\/p>\n\n\n\n<p>Y se pretende la creaci\u00f3n de un Sistema Nacional de Registro de Identidad con los datos de la poblaci\u00f3n incluidos en el Registro Civil\u201d.<\/p>\n","protected":false},"excerpt":{"rendered":"<p>Sam Ojeda \/ NV Noticias Xalapa.- En el estado de Veracruz se celebraron 8 mil 500 matrimonios colectivos en el marco de las celebraciones del D\u00eda del Amor y la Amistad.&nbsp; El secretario de Gobierno Eric Cisneros Burgos, dijo que se trata de la cifra m\u00e1s alta registrada en los \u00faltimos 10 a\u00f1os. Y asegur\u00f3 [&hellip;]<\/p>\n","protected":false},"author":8,"featured_media":97965,"comment_status":"open","ping_status":"open","sticky":false,"template":"","format":"standard","meta":{"_monsterinsights_skip_tracking":false,"_monsterinsights_sitenote_active":false,"_monsterinsights_sitenote_note":"","_monsterinsights_sitenote_category":0,"footnotes":""},"categories":[156],"tags":[22945,13494],"class_list":["post-98911","post","type-post","status-publish","format-standard","has-post-thumbnail","hentry","category-estado","tag-dia-del-amor-y-la-amistad","tag-matrimonios","wp-image-borders"],"amp_enabled":true,"_links":{"self":[{"href":"https:\/\/nvnoticias.mx\/index.php\/wp-json\/wp\/v2\/posts\/98911","targetHints":{"allow":["GET"]}}],"collection":[{"href":"https:\/\/nvnoticias.mx\/index.php\/wp-json\/wp\/v2\/posts"}],"about":[{"href":"https:\/\/nvnoticias.mx\/index.php\/wp-json\/wp\/v2\/types\/post"}],"author":[{"embeddable":true,"href":"https:\/\/nvnoticias.mx\/index.php\/wp-json\/wp\/v2\/users\/8"}],"replies":[{"embeddable":true,"href":"https:\/\/nvnoticias.mx\/index.php\/wp-json\/wp\/v2\/comments?post=98911"}],"version-history":[{"count":1,"href":"https:\/\/nvnoticias.mx\/index.php\/wp-json\/wp\/v2\/posts\/98911\/revisions"}],"predecessor-version":[{"id":98912,"href":"https:\/\/nvnoticias.mx\/index.php\/wp-json\/wp\/v2\/posts\/98911\/revisions\/98912"}],"wp:featuredmedia":[{"embeddable":true,"href":"https:\/\/nvnoticias.mx\/index.php\/wp-json\/wp\/v2\/media\/97965"}],"wp:attachment":[{"href":"https:\/\/nvnoticias.mx\/index.php\/wp-json\/wp\/v2\/media?parent=98911"}],"wp:term":[{"taxonomy":"category","embeddable":true,"href":"https:\/\/nvnoticias.mx\/index.php\/wp-json\/wp\/v2\/categories?post=98911"},{"taxonomy":"post_tag","embeddable":true,"href":"https:\/\/nvnoticias.mx\/index.php\/wp-json\/wp\/v2\/tags?post=98911"}],"curies":[{"name":"wp","href":"https:\/\/api.w.org\/{rel}","templated":true}]}}