{"id":98900,"date":"2023-03-16T11:06:00","date_gmt":"2023-03-16T17:06:00","guid":{"rendered":"https:\/\/nvnoticias.mx\/?p=98900"},"modified":"2023-03-16T11:06:01","modified_gmt":"2023-03-16T17:06:01","slug":"aprueba-gobierno-frances-la-polemica-reforma-de-pensiones-sin-la-votacion-del-parlamento","status":"publish","type":"post","link":"https:\/\/nvnoticias.mx\/index.php\/2023\/03\/16\/aprueba-gobierno-frances-la-polemica-reforma-de-pensiones-sin-la-votacion-del-parlamento\/","title":{"rendered":"Aprueba Gobierno franc\u00e9s la pol\u00e9mica reforma de pensiones sin la votaci\u00f3n del Parlamento"},"content":{"rendered":"\n<p>El presidente de Francia, Emmanuel Macron, decidi\u00f3 forzar su pol\u00e9mica reforma de pensiones en la Asamblea Nacional sin convocar una votaci\u00f3n en el Parlamento, utilizando un poder constitucional que permite al Gobierno eludir a los legisladores, inform\u00f3 Le Monde.<\/p>\n\n\n\n<p>El Consejo de Ministros llev\u00f3 a cabo este jueves una reuni\u00f3n de emergencia para activar el&nbsp;<strong>Art\u00edculo 49.3 de la Constituci\u00f3n francesa<\/strong>, que hace posible que se adopte un texto sin el voto de los diputados, con el fin de aprobar la reforma de pensiones, minutos antes de una votaci\u00f3n programada en la Asamblea Nacional.<\/p>\n\n\n\n<blockquote class=\"wp-block-quote is-layout-flow wp-block-quote-is-layout-flow\"><p>&#8220;Entre todos ustedes, no soy yo quien arriesga su lugar o su puesto. Pero considero que, tal como est\u00e1n las cosas, los\u00a0<strong>riesgos financieros y econ\u00f3micos son demasiado grandes<\/strong>. Por lo tanto, los autorizo a utilizar el 49.3&#8243;, declar\u00f3 Macron durante el encuentro, asegurando que su &#8220;inter\u00e9s pol\u00edtico habr\u00eda sido ir a la votaci\u00f3n&#8221;,\u00a0recoge\u00a0el medio BFMT.<\/p><\/blockquote>\n\n\n\n<p>El anuncio se produjo horas despu\u00e9s de que la C\u00e1mara Alta aprobara una versi\u00f3n final del proyecto de ley esta ma\u00f1ana.<\/p>\n\n\n\n<p>La controvertida reforma de las pensiones fue presentada el 10 de enero por la primera ministra del pa\u00eds, \u00c9lisabeth Borne. Seg\u00fan el proyecto, las autoridades empezar\u00e1n a&nbsp;<strong>aumentar la edad de jubilaci\u00f3n en tres meses al a\u00f1o<\/strong>&nbsp;a partir del 1 de septiembre de 2023, hasta alcanzar los 64 a\u00f1os de edad en el 2030.<\/p>\n\n\n\n<p>Borne asegur\u00f3 a los legisladores que el proyecto es fruto de &#8220;densas consultas con sindicatos, organizaciones patronales y grupos parlamentarios&#8221;.<\/p>\n\n\n\n<blockquote class=\"wp-block-quote is-layout-flow wp-block-quote-is-layout-flow\"><p>&#8220;Es sobre su reforma, sobre el texto del Parlamento que\u00a0<strong>estoy dispuesta a comprometer mi responsabilidad<\/strong>&#8220;, expres\u00f3 Borne frente a los diputados.<\/p><\/blockquote>\n\n\n\n<p>Mientras, los parlamentarios de oposici\u00f3n se han manifestado en contra y han presentado mociones de censura.<\/p>\n\n\n\n<p>Por su parte, la l\u00edder de la derecha francesa, Marine Le Pen, declar\u00f3 que la primera ministra del pa\u00eds deb\u00eda dimitir, ya que sus acciones eran un golpe a la democracia. &#8220;<strong>Es una crisis de facto<\/strong>&#8220;, manifest\u00f3.<\/p>\n\n\n\n<p>Asimismo, el secretario de la Confederaci\u00f3n Francesa Democr\u00e1tica del Trabajo (CFDT), Laurent Berger, asegur\u00f3 que el recurrir al art\u00edculo 49.3 de la Constituci\u00f3n demuestra que el Gobierno de Macron no tiene mayor\u00eda para aprobar la ley.<\/p>\n\n\n\n<blockquote class=\"wp-block-quote is-layout-flow wp-block-quote-is-layout-flow\"><p>&#8220;<strong>El compromiso pol\u00edtico ha fracasado<\/strong>. Es a los trabajadores a quienes hay que escuchar cuando se pretende actuar sobre su trabajo&#8221;,\u00a0escribi\u00f3\u00a0Berger en su cuenta de Twitter.<\/p><\/blockquote>\n\n\n\n<blockquote class=\"wp-block-quote is-layout-flow wp-block-quote-is-layout-flow\"><p>El secretario general del Partido Comunista Franc\u00e9s (PCF), Fabien Roussel, coment\u00f3 que a\u00fan existe la &#8220;esperanza de ganar y que se respete el mundo del trabajo&#8221;.<\/p><\/blockquote>\n\n\n\n<blockquote class=\"wp-block-quote is-layout-flow wp-block-quote-is-layout-flow\"><p>&#8220;Nuestra victoria: el Gobierno tuvo que reconocer que tiene minor\u00eda en todas partes. Minor\u00eda entre los franceses. Minor\u00eda en la Asamblea. Con el refer\u00e9ndum que les vamos a imponer derrotaremos definitivamente la jubilaci\u00f3n a los 64 a\u00f1os. \u00a1Vamos a ganar!&#8221;,\u00a0tuite\u00f3.<\/p><\/blockquote>\n\n\n\n<p>Fuente: <a href=\"https:\/\/actualidad.rt.com\/actualidad\/461058-gobierno-frances-aprueba-reforma-pensiones\" data-type=\"URL\" data-id=\"https:\/\/actualidad.rt.com\/actualidad\/461058-gobierno-frances-aprueba-reforma-pensiones\">Actualidad RT<\/a><\/p>\n","protected":false},"excerpt":{"rendered":"<p>El presidente de Francia, Emmanuel Macron, decidi\u00f3 forzar su pol\u00e9mica reforma de pensiones en la Asamblea Nacional sin convocar una votaci\u00f3n en el Parlamento, utilizando un poder constitucional que permite al Gobierno eludir a los legisladores, inform\u00f3 Le Monde. El Consejo de Ministros llev\u00f3 a cabo este jueves una reuni\u00f3n de emergencia para activar el&nbsp;Art\u00edculo [&hellip;]<\/p>\n","protected":false},"author":35,"featured_media":28878,"comment_status":"open","ping_status":"open","sticky":false,"template":"","format":"standard","meta":{"_monsterinsights_skip_tracking":false,"_monsterinsights_sitenote_active":false,"_monsterinsights_sitenote_note":"","_monsterinsights_sitenote_category":0,"footnotes":""},"categories":[181],"tags":[7887,23936,7873,2025,3596,23937,3986],"class_list":["post-98900","post","type-post","status-publish","format-standard","has-post-thumbnail","hentry","category-internacional","tag-aprueba","tag-gobierno-frances","tag-parlamento","tag-pensiones","tag-polemica","tag-redorma","tag-votacion","wp-image-borders"],"amp_enabled":true,"_links":{"self":[{"href":"https:\/\/nvnoticias.mx\/index.php\/wp-json\/wp\/v2\/posts\/98900","targetHints":{"allow":["GET"]}}],"collection":[{"href":"https:\/\/nvnoticias.mx\/index.php\/wp-json\/wp\/v2\/posts"}],"about":[{"href":"https:\/\/nvnoticias.mx\/index.php\/wp-json\/wp\/v2\/types\/post"}],"author":[{"embeddable":true,"href":"https:\/\/nvnoticias.mx\/index.php\/wp-json\/wp\/v2\/users\/35"}],"replies":[{"embeddable":true,"href":"https:\/\/nvnoticias.mx\/index.php\/wp-json\/wp\/v2\/comments?post=98900"}],"version-history":[{"count":5,"href":"https:\/\/nvnoticias.mx\/index.php\/wp-json\/wp\/v2\/posts\/98900\/revisions"}],"predecessor-version":[{"id":98909,"href":"https:\/\/nvnoticias.mx\/index.php\/wp-json\/wp\/v2\/posts\/98900\/revisions\/98909"}],"wp:featuredmedia":[{"embeddable":true,"href":"https:\/\/nvnoticias.mx\/index.php\/wp-json\/wp\/v2\/media\/28878"}],"wp:attachment":[{"href":"https:\/\/nvnoticias.mx\/index.php\/wp-json\/wp\/v2\/media?parent=98900"}],"wp:term":[{"taxonomy":"category","embeddable":true,"href":"https:\/\/nvnoticias.mx\/index.php\/wp-json\/wp\/v2\/categories?post=98900"},{"taxonomy":"post_tag","embeddable":true,"href":"https:\/\/nvnoticias.mx\/index.php\/wp-json\/wp\/v2\/tags?post=98900"}],"curies":[{"name":"wp","href":"https:\/\/api.w.org\/{rel}","templated":true}]}}