{"id":98899,"date":"2023-03-16T11:02:41","date_gmt":"2023-03-16T17:02:41","guid":{"rendered":"https:\/\/nvnoticias.mx\/?p=98899"},"modified":"2023-03-16T11:02:42","modified_gmt":"2023-03-16T17:02:42","slug":"jovenes-disfrazados-de-chicas-trans-se-presentan-como-grupos-de-choque","status":"publish","type":"post","link":"https:\/\/nvnoticias.mx\/index.php\/2023\/03\/16\/jovenes-disfrazados-de-chicas-trans-se-presentan-como-grupos-de-choque\/","title":{"rendered":"J\u00f3venes disfrazados de chicas trans se presentan como grupos de choque"},"content":{"rendered":"\n<p><strong>Jes\u00fas Utrilla \/ NV Noticias<\/strong><\/p>\n\n\n\n<p>Agrupaciones LGBT se deslindan de grupos de choque. M\u00f3nica De la Torre, integrante del Movimiento de Inclusi\u00f3n Trans, explic\u00f3 que j\u00f3venes disfrazados de chicas trans se presentan en manifestaciones para desestabilizar pero no pertenecen a la comunidad LGBT.<\/p>\n\n\n\n<p>De ejemplo cit\u00f3 la marcha de mujeres del 8 de Marzo en la ciudad de Veracruz. Ah\u00ed muchachos se vistieron de mujeres y pintaron consignas en la v\u00eda p\u00fablica, pero no pertenecen a la comunidad LGBT.<\/p>\n\n\n\n<p>Dijo que temen porque pueda sufrir agresiones y que lo que han avanzado se retroceda.&nbsp;<\/p>\n\n\n\n<blockquote class=\"wp-block-quote is-layout-flow wp-block-quote-is-layout-flow\"><p>\u201c<em>Van a decir que somos personas problem\u00e1ticas, revoltosas y es la preocupaci\u00f3n como sociedad, que involucren a la comunidad LGBT donde no se debe. Como sociedad estamos preocupadas y queremos dejar en claro que no tenemos nada que ve<\/em>r\u201d.<\/p><\/blockquote>\n\n\n\n<p>Agrupaciones como Soy Humano AC, Por un Veracruz Sin Discriminaci\u00f3n, Movimiento de Inclusi\u00f3n Trans, se deslindaron de los grupos de choque, pues su vandalismo podr\u00eda agudizarse y temen que los responsabilicen.<\/p>\n\n\n\n<p>Recordaron que hace algunos a\u00f1os las amenazaron y las agredieron p\u00fablicamente, por ello buscan que esto no vuelva a suceder.<\/p>\n\n\n\n<p>Dijo que el sector se encuentra preocupado porque se trata de j\u00f3venes que usan pelucas y ropa de mujer y esto podr\u00eda hacer crecer los cr\u00edmenes de odio o la violencia contra las chicas trans.<\/p>\n","protected":false},"excerpt":{"rendered":"<p>Jes\u00fas Utrilla \/ NV Noticias Agrupaciones LGBT se deslindan de grupos de choque. M\u00f3nica De la Torre, integrante del Movimiento de Inclusi\u00f3n Trans, explic\u00f3 que j\u00f3venes disfrazados de chicas trans se presentan en manifestaciones para desestabilizar pero no pertenecen a la comunidad LGBT. De ejemplo cit\u00f3 la marcha de mujeres del 8 de Marzo en [&hellip;]<\/p>\n","protected":false},"author":8,"featured_media":98902,"comment_status":"open","ping_status":"open","sticky":false,"template":"","format":"standard","meta":{"_monsterinsights_skip_tracking":false,"_monsterinsights_sitenote_active":false,"_monsterinsights_sitenote_note":"","_monsterinsights_sitenote_category":0,"footnotes":""},"categories":[154],"tags":[23938,23935],"class_list":["post-98899","post","type-post","status-publish","format-standard","has-post-thumbnail","hentry","category-veracruz","tag-chicas-trans","tag-grupos-de-choque","wp-image-borders"],"amp_enabled":true,"_links":{"self":[{"href":"https:\/\/nvnoticias.mx\/index.php\/wp-json\/wp\/v2\/posts\/98899","targetHints":{"allow":["GET"]}}],"collection":[{"href":"https:\/\/nvnoticias.mx\/index.php\/wp-json\/wp\/v2\/posts"}],"about":[{"href":"https:\/\/nvnoticias.mx\/index.php\/wp-json\/wp\/v2\/types\/post"}],"author":[{"embeddable":true,"href":"https:\/\/nvnoticias.mx\/index.php\/wp-json\/wp\/v2\/users\/8"}],"replies":[{"embeddable":true,"href":"https:\/\/nvnoticias.mx\/index.php\/wp-json\/wp\/v2\/comments?post=98899"}],"version-history":[{"count":1,"href":"https:\/\/nvnoticias.mx\/index.php\/wp-json\/wp\/v2\/posts\/98899\/revisions"}],"predecessor-version":[{"id":98903,"href":"https:\/\/nvnoticias.mx\/index.php\/wp-json\/wp\/v2\/posts\/98899\/revisions\/98903"}],"wp:featuredmedia":[{"embeddable":true,"href":"https:\/\/nvnoticias.mx\/index.php\/wp-json\/wp\/v2\/media\/98902"}],"wp:attachment":[{"href":"https:\/\/nvnoticias.mx\/index.php\/wp-json\/wp\/v2\/media?parent=98899"}],"wp:term":[{"taxonomy":"category","embeddable":true,"href":"https:\/\/nvnoticias.mx\/index.php\/wp-json\/wp\/v2\/categories?post=98899"},{"taxonomy":"post_tag","embeddable":true,"href":"https:\/\/nvnoticias.mx\/index.php\/wp-json\/wp\/v2\/tags?post=98899"}],"curies":[{"name":"wp","href":"https:\/\/api.w.org\/{rel}","templated":true}]}}