{"id":98868,"date":"2023-03-16T10:29:51","date_gmt":"2023-03-16T16:29:51","guid":{"rendered":"https:\/\/nvnoticias.mx\/?p=98868"},"modified":"2023-03-16T10:29:52","modified_gmt":"2023-03-16T16:29:52","slug":"reeligen-a-gianni-infantino-como-presidente-de-la-fifa","status":"publish","type":"post","link":"https:\/\/nvnoticias.mx\/index.php\/2023\/03\/16\/reeligen-a-gianni-infantino-como-presidente-de-la-fifa\/","title":{"rendered":"Reeligen a Gianni Infantino como presidente de la FIFA"},"content":{"rendered":"\n<p>El italo-suizo,\u00a0<strong>Gianni Infantino,\u00a0<\/strong>fue reelegido este jueves hasta 2027 como\u00a0presidente de la\u00a0FIFA,\u00a0un puesto que ocupa desde 2016, sin oposici\u00f3n y por aclamaci\u00f3n, en el 73\u00ba Congreso de la instancia en Kigali.<\/p>\n\n\n\n<p>El dirigente de 52 a\u00f1os, ya reelegido en las mismas condiciones en 2019 por los delegados de las 211 federaciones nacionales del organismo, podr\u00eda mantenerse hasta 2031 al frente del futbol mundial, ya que su primer per\u00edodo de tres a\u00f1os<strong>&nbsp;est\u00e1 considerado como incompleto.<\/strong><\/p>\n\n\n\n<p>&#8220;Los quiero&#8221;, reaccion\u00f3 el patr\u00f3n del futbol mundial\u00a0<strong>frente a los delegados en pie<\/strong>, sin que el sistema de voto permitiera saber si hab\u00eda voces disidentes.<\/p>\n\n\n\n<p>En su activo, el italo-suizo puede mostrar&nbsp;<strong>un balance financiero s\u00f3lido<\/strong>, con un alza de un 18 por ciento de ingresos y un 45 por ciento de reservas en el ciclo 2019-22 con respecto al precedente, que permite a la FIFA aumentar todav\u00eda m\u00e1s sus subvenciones a las confederaciones y federaciones.<\/p>\n\n\n\n<p>En el lado de la gobernanza, su \u00faltimo mandato estuvo marcado por una vasta reforma de traspasos<strong>, por la instituci\u00f3n de una baja por maternidad para las futbolistas profesionales<\/strong>, as\u00ed como por reglas de proceso disciplinario m\u00e1s protectoras para las v\u00edctimas de violencias sexuales.<\/p>\n\n\n\n<p>Ahora, los principales trabajos de los pr\u00f3ximos a\u00f1os est\u00e1n en marcha,\u00a0<strong>comenzando por el paso del Mundial masculino de 32 a 48 equipos a partir de la edici\u00f3n 2026,<\/strong>\u00a0organizada por Estados Unidos, Canad\u00e1 y M\u00e9xico, decidida en 2017 y cuyo formato fue fijado el martes.<\/p>\n\n\n\n<p>Al optar por una fase de grupos con doce llaves de cuatro equipos,&nbsp;<strong>el torneo pasar\u00e1 de 64 a 104 partidos<\/strong>, un mastodonte esculpido para hacer explotar los ingresos de billeter\u00eda y atraer a m\u00e1s difusores.<\/p>\n\n\n\n<p>M\u00e1s delicado, la FIFA decidi\u00f3 el 16 de diciembre pasado ampliar su Mundial de clubes de un formato anual de siete equipos a una competici\u00f3n cuatrienal de 32 conjuntos a partir de 2025. Un proyecto que Infantino trata de poner en marcha desde hace tiempo para competir con la lucrativa Liga de Campeones de la UEFA, pero que<strong>\u00a0se anuncia como dif\u00edcil a insertar en el calendario.<\/strong><\/p>\n\n\n\n<p>Fuente: <a href=\"https:\/\/www.milenio.com\/deportes\/futbol-internacional\/gianni-infantino-reelegido-como-presidente-de-la-fifa-hasta-2027\" data-type=\"URL\" data-id=\"https:\/\/www.milenio.com\/deportes\/futbol-internacional\/gianni-infantino-reelegido-como-presidente-de-la-fifa-hasta-2027\">Milenio<\/a><\/p>\n","protected":false},"excerpt":{"rendered":"<p>El italo-suizo,\u00a0Gianni Infantino,\u00a0fue reelegido este jueves hasta 2027 como\u00a0presidente de la\u00a0FIFA,\u00a0un puesto que ocupa desde 2016, sin oposici\u00f3n y por aclamaci\u00f3n, en el 73\u00ba Congreso de la instancia en Kigali. El dirigente de 52 a\u00f1os, ya reelegido en las mismas condiciones en 2019 por los delegados de las 211 federaciones nacionales del organismo, podr\u00eda mantenerse [&hellip;]<\/p>\n","protected":false},"author":35,"featured_media":35523,"comment_status":"open","ping_status":"open","sticky":false,"template":"","format":"standard","meta":{"_monsterinsights_skip_tracking":false,"_monsterinsights_sitenote_active":false,"_monsterinsights_sitenote_note":"","_monsterinsights_sitenote_category":0,"footnotes":""},"categories":[159],"tags":[3099,8342,411,20927],"class_list":["post-98868","post","type-post","status-publish","format-standard","has-post-thumbnail","hentry","category-deportes","tag-fifa","tag-gianni-infantino","tag-presidente","tag-reeligen","wp-image-borders"],"amp_enabled":true,"_links":{"self":[{"href":"https:\/\/nvnoticias.mx\/index.php\/wp-json\/wp\/v2\/posts\/98868","targetHints":{"allow":["GET"]}}],"collection":[{"href":"https:\/\/nvnoticias.mx\/index.php\/wp-json\/wp\/v2\/posts"}],"about":[{"href":"https:\/\/nvnoticias.mx\/index.php\/wp-json\/wp\/v2\/types\/post"}],"author":[{"embeddable":true,"href":"https:\/\/nvnoticias.mx\/index.php\/wp-json\/wp\/v2\/users\/35"}],"replies":[{"embeddable":true,"href":"https:\/\/nvnoticias.mx\/index.php\/wp-json\/wp\/v2\/comments?post=98868"}],"version-history":[{"count":5,"href":"https:\/\/nvnoticias.mx\/index.php\/wp-json\/wp\/v2\/posts\/98868\/revisions"}],"predecessor-version":[{"id":98873,"href":"https:\/\/nvnoticias.mx\/index.php\/wp-json\/wp\/v2\/posts\/98868\/revisions\/98873"}],"wp:featuredmedia":[{"embeddable":true,"href":"https:\/\/nvnoticias.mx\/index.php\/wp-json\/wp\/v2\/media\/35523"}],"wp:attachment":[{"href":"https:\/\/nvnoticias.mx\/index.php\/wp-json\/wp\/v2\/media?parent=98868"}],"wp:term":[{"taxonomy":"category","embeddable":true,"href":"https:\/\/nvnoticias.mx\/index.php\/wp-json\/wp\/v2\/categories?post=98868"},{"taxonomy":"post_tag","embeddable":true,"href":"https:\/\/nvnoticias.mx\/index.php\/wp-json\/wp\/v2\/tags?post=98868"}],"curies":[{"name":"wp","href":"https:\/\/api.w.org\/{rel}","templated":true}]}}