{"id":98793,"date":"2023-03-15T16:54:31","date_gmt":"2023-03-15T22:54:31","guid":{"rendered":"https:\/\/nvnoticias.mx\/?p=98793"},"modified":"2023-03-15T16:54:32","modified_gmt":"2023-03-15T22:54:32","slug":"estaria-dispuesto-adam-brody-a-unirse-a-un-revival-de-the-o-c","status":"publish","type":"post","link":"https:\/\/nvnoticias.mx\/index.php\/2023\/03\/15\/estaria-dispuesto-adam-brody-a-unirse-a-un-revival-de-the-o-c\/","title":{"rendered":"Estar\u00eda dispuesto Adam Brody a unirse a un revival de The O.C."},"content":{"rendered":"\n<p>De s\u00faper fan\u00e1tico de los c\u00f3mics a superh\u00e9roe ha sido el viaje de\u00a0Adam Brody\u00a0como actor. Eso es porque dos d\u00e9cadas despu\u00e9s de su papel estelar como\u00a0Seth Cohen\u00a0en\u00a0<em>The O.C.<\/em>, se pone medias y una capa en\u00a0<em>Shazam! Furia de los Dioses.<\/em>\u00a0\u00c9l recientemente reflexion\u00f3 sobre los inicios de su carrera, d\u00e1ndole un poco de amor a su ic\u00f3nico papel adolescente.<\/p>\n\n\n\n<blockquote class=\"wp-block-quote is-layout-flow wp-block-quote-is-layout-flow\"><p>&#8220;Estaba tan emocionado de comenzar ese viaje, emocionado de ver a la gente disfrutarlo&#8221;, le dijo Adam en exclusiva a E! News en el estreno de la secuela de Shazam! en Los \u00c1ngeles el 14 de marzo. <\/p><\/blockquote>\n\n\n\n<blockquote class=\"wp-block-quote is-layout-flow wp-block-quote-is-layout-flow\"><p>&#8220;Encaj\u00f3 muy bien para m\u00ed y para el personaje, sinti\u00e9ndome realmente en sinton\u00eda con los escritores&#8221;.<\/p><\/blockquote>\n\n\n\n<p>Pero en medio de la gran cantidad de revivals y reboots de shows amados, incluida la serie revelaci\u00f3n de su esposa\u00a0Leighton Meester,\u00a0<em>Gossip Girl<\/em>, \u00bfestar\u00eda Adam interesado en regresar a Newport Beach 20 a\u00f1os despu\u00e9s?<\/p>\n\n\n\n<blockquote class=\"wp-block-quote is-layout-flow wp-block-quote-is-layout-flow\"><p>&#8220;\u00bfSi hubiera una raz\u00f3n, como una idea realmente inspirada? S\u00ed&#8221;, admiti\u00f3 el actor de\u00a0<em>Scream 4<\/em>. &#8220;Aparte de eso, probablemente no. No. Y por &#8216;idea inspirada&#8217;, me refiero a montones, montones de dinero&#8221;.<\/p><\/blockquote>\n\n\n\n<p>Esta no es la primera vez que Adam, quien coprotagoniz\u00f3 junto a\u00a0<strong>Ben McKenzie<\/strong>,\u00a0Mischa Barton\u00a0y\u00a0Rachel Bilson, ha expresado sus dudas sobre volver a visitar la serie, que se desarroll\u00f3 entre 2003 y 2007 en Fox.<\/p>\n\n\n\n<blockquote class=\"wp-block-quote is-layout-flow wp-block-quote-is-layout-flow\"><p>&#8220;No creo que se pueda hacer porque siento que, socialmente, creo que estamos en un lugar diferente&#8221;, le dijo a Bilson y a sus compa\u00f1eros de\u00a0<em>O.C.<\/em>\u00a0la estrella\u00a0<strong>Melinda Clarke<\/strong>\u00a0en su podcast\u00a0<em>Welcome to the OC, Bitches<\/em>\u00a0en octubre de 2021. &#8220;Creo que estamos en un lugar m\u00e1s consciente&#8221;.<\/p><\/blockquote>\n\n\n\n<p>De hecho, el actor de 43 a\u00f1os compar\u00f3 su programa con el exitoso drama adolescente&nbsp;<em>GG<\/em>&nbsp;(cuyo reboot se cancel\u00f3 despu\u00e9s de dos temporadas en HBO Max).<\/p>\n\n\n\n<blockquote class=\"wp-block-quote is-layout-flow wp-block-quote-is-layout-flow\"><p>&#8220;Me siento como\u00a0<em>The O.C.<\/em>, aunque dice ser en un sentido similar a\u00a0<em>Gossip Girl<\/em>, aunque dir\u00eda que es una cr\u00edtica, no lo es&#8221;, continu\u00f3 Adam. &#8220;Es una celebraci\u00f3n de la riqueza, en mi opini\u00f3n. Obviamente, en el centro de todo, hay personas que son encantadoras. Tambi\u00e9n es una familia en el centro. Hay personas que se aman y se cuidan unos a otros y se sacrifican el uno por el otro. Entonces, no es una celebraci\u00f3n pura del dinero. Es una celebraci\u00f3n de, ya sabes, amor y romance y estar en la escuela secundaria&#8221;.<\/p><\/blockquote>\n\n\n\n<p>Fuente: <a href=\"https:\/\/www.eonline.com\/mx\/news\/1368194\/adam-brody-estaria-dispuesto-a-unirse-a-un-revival-de-the-o-c-con-una-condicion\" data-type=\"URL\" data-id=\"https:\/\/www.eonline.com\/mx\/news\/1368194\/adam-brody-estaria-dispuesto-a-unirse-a-un-revival-de-the-o-c-con-una-condicion\">E!<\/a><\/p>\n","protected":false},"excerpt":{"rendered":"<p>De s\u00faper fan\u00e1tico de los c\u00f3mics a superh\u00e9roe ha sido el viaje de\u00a0Adam Brody\u00a0como actor. Eso es porque dos d\u00e9cadas despu\u00e9s de su papel estelar como\u00a0Seth Cohen\u00a0en\u00a0The O.C., se pone medias y una capa en\u00a0Shazam! Furia de los Dioses.\u00a0\u00c9l recientemente reflexion\u00f3 sobre los inicios de su carrera, d\u00e1ndole un poco de amor a su ic\u00f3nico [&hellip;]<\/p>\n","protected":false},"author":35,"featured_media":98797,"comment_status":"open","ping_status":"open","sticky":false,"template":"","format":"standard","meta":{"_monsterinsights_skip_tracking":false,"_monsterinsights_sitenote_active":false,"_monsterinsights_sitenote_note":"","_monsterinsights_sitenote_category":0,"footnotes":""},"categories":[576],"tags":[23923,23924,23922,11888],"class_list":["post-98793","post","type-post","status-publish","format-standard","has-post-thumbnail","hentry","category-ocio","tag-adam-brody","tag-revival","tag-the-o-c","tag-unirse","wp-image-borders"],"amp_enabled":true,"_links":{"self":[{"href":"https:\/\/nvnoticias.mx\/index.php\/wp-json\/wp\/v2\/posts\/98793","targetHints":{"allow":["GET"]}}],"collection":[{"href":"https:\/\/nvnoticias.mx\/index.php\/wp-json\/wp\/v2\/posts"}],"about":[{"href":"https:\/\/nvnoticias.mx\/index.php\/wp-json\/wp\/v2\/types\/post"}],"author":[{"embeddable":true,"href":"https:\/\/nvnoticias.mx\/index.php\/wp-json\/wp\/v2\/users\/35"}],"replies":[{"embeddable":true,"href":"https:\/\/nvnoticias.mx\/index.php\/wp-json\/wp\/v2\/comments?post=98793"}],"version-history":[{"count":1,"href":"https:\/\/nvnoticias.mx\/index.php\/wp-json\/wp\/v2\/posts\/98793\/revisions"}],"predecessor-version":[{"id":98798,"href":"https:\/\/nvnoticias.mx\/index.php\/wp-json\/wp\/v2\/posts\/98793\/revisions\/98798"}],"wp:featuredmedia":[{"embeddable":true,"href":"https:\/\/nvnoticias.mx\/index.php\/wp-json\/wp\/v2\/media\/98797"}],"wp:attachment":[{"href":"https:\/\/nvnoticias.mx\/index.php\/wp-json\/wp\/v2\/media?parent=98793"}],"wp:term":[{"taxonomy":"category","embeddable":true,"href":"https:\/\/nvnoticias.mx\/index.php\/wp-json\/wp\/v2\/categories?post=98793"},{"taxonomy":"post_tag","embeddable":true,"href":"https:\/\/nvnoticias.mx\/index.php\/wp-json\/wp\/v2\/tags?post=98793"}],"curies":[{"name":"wp","href":"https:\/\/api.w.org\/{rel}","templated":true}]}}