{"id":98748,"date":"2023-03-15T12:57:27","date_gmt":"2023-03-15T18:57:27","guid":{"rendered":"https:\/\/nvnoticias.mx\/?p=98748"},"modified":"2023-03-15T12:57:28","modified_gmt":"2023-03-15T18:57:28","slug":"zlatan-ibrahimovic-vuelve-a-ser-convocado-a-la-seleccion-de-suecia-a-sus-41-anos","status":"publish","type":"post","link":"https:\/\/nvnoticias.mx\/index.php\/2023\/03\/15\/zlatan-ibrahimovic-vuelve-a-ser-convocado-a-la-seleccion-de-suecia-a-sus-41-anos\/","title":{"rendered":"Zlatan Ibrahimovic vuelve a ser convocado a la Selecci\u00f3n de Suecia a sus 41 a\u00f1os"},"content":{"rendered":"\n<p>El delantero del\u00a0Milan Zlatan Ibrahimovic, de 41 a\u00f1os, ha vuelto a ser incluido este mi\u00e9rcoles en una convocatoria de la selecci\u00f3n sueca de futbol, para los pr\u00f3ximos partidos de clasificaci\u00f3n para la\u00a0Eurocopa 2024, tras recuperarse de su larga lesi\u00f3n de rodilla.<\/p>\n\n\n\n<blockquote class=\"wp-block-quote is-layout-flow wp-block-quote-is-layout-flow\"><p>&#8220;<em>Zlatan y yo hemos mantenido el contacto en todo este per\u00edodo durante su lesi\u00f3n. Ahora se siente bien para aportar en el campo. Su personalidad y su experiencia pueden contribuir mucho tambi\u00e9n a la convocatoria. Es \u00fanico<\/em>&#8220;, dijo el seleccionador sueco, Jan &#8220;Janne&#8221; Andersson, al presentar la lista en Estocolmo.<\/p><\/blockquote>\n\n\n\n<p>Andersson resalt\u00f3 no obstante que no ve a &#8220;Ibra&#8221; de titular, sino con un papel similar al que tiene ahora en el Milan como suplente que puede salir unos minutos.<\/p>\n\n\n\n<p>Ibrahimovic se hab\u00eda retirado de la selecci\u00f3n al finalizar la Eurocopa 2016, pero regres\u00f3 cinco a\u00f1os despu\u00e9s, aunque las lesiones le impidieron estar en la Eurocopa y en los primeros encuentros de clasificaci\u00f3n para Catar 2022.<\/p>\n\n\n\n<p>El m\u00e1ximo goleador hist\u00f3rico de Suecia particip\u00f3 en el tramo final de la clasificaci\u00f3n, aunque Suecia qued\u00f3 eliminada en la ronda de repesca contra Polonia.<\/p>\n\n\n\n<p>El exjugador de\u00a0Ajax, Juventus, Barcelona y Manchester United\u00a0reapareci\u00f3 hace unas semanas tras superar otra nueva lesi\u00f3n de rodilla, que lo hab\u00eda mantenido apartado nueve meses.<\/p>\n\n\n\n<p>Suecia, que est\u00e1 encuadrada en el grupo F, se enfrentar\u00e1 a B\u00e9lgica el pr\u00f3ximo d\u00eda 24 en el Friends Arena de Estocolmo y, tres d\u00edas despu\u00e9s, recibir\u00e1 en ese mismo estadio a Azerbaiy\u00e1n.<\/p>\n\n\n\n<p>En la lista sueca figura tambi\u00e9n el defensa del Mallorca Ludwig Augustinsson.<\/p>\n","protected":false},"excerpt":{"rendered":"<p>El delantero del\u00a0Milan Zlatan Ibrahimovic, de 41 a\u00f1os, ha vuelto a ser incluido este mi\u00e9rcoles en una convocatoria de la selecci\u00f3n sueca de futbol, para los pr\u00f3ximos partidos de clasificaci\u00f3n para la\u00a0Eurocopa 2024, tras recuperarse de su larga lesi\u00f3n de rodilla. &#8220;Zlatan y yo hemos mantenido el contacto en todo este per\u00edodo durante su lesi\u00f3n. [&hellip;]<\/p>\n","protected":false},"author":8,"featured_media":98751,"comment_status":"open","ping_status":"open","sticky":false,"template":"","format":"standard","meta":{"_monsterinsights_skip_tracking":false,"_monsterinsights_sitenote_active":false,"_monsterinsights_sitenote_note":"","_monsterinsights_sitenote_category":0,"footnotes":""},"categories":[159],"tags":[286,5995,23912],"class_list":["post-98748","post","type-post","status-publish","format-standard","has-post-thumbnail","hentry","category-deportes","tag-convocatoria","tag-suecia","tag-zlatan-ibrahimovic","wp-image-borders"],"amp_enabled":true,"_links":{"self":[{"href":"https:\/\/nvnoticias.mx\/index.php\/wp-json\/wp\/v2\/posts\/98748","targetHints":{"allow":["GET"]}}],"collection":[{"href":"https:\/\/nvnoticias.mx\/index.php\/wp-json\/wp\/v2\/posts"}],"about":[{"href":"https:\/\/nvnoticias.mx\/index.php\/wp-json\/wp\/v2\/types\/post"}],"author":[{"embeddable":true,"href":"https:\/\/nvnoticias.mx\/index.php\/wp-json\/wp\/v2\/users\/8"}],"replies":[{"embeddable":true,"href":"https:\/\/nvnoticias.mx\/index.php\/wp-json\/wp\/v2\/comments?post=98748"}],"version-history":[{"count":1,"href":"https:\/\/nvnoticias.mx\/index.php\/wp-json\/wp\/v2\/posts\/98748\/revisions"}],"predecessor-version":[{"id":98752,"href":"https:\/\/nvnoticias.mx\/index.php\/wp-json\/wp\/v2\/posts\/98748\/revisions\/98752"}],"wp:featuredmedia":[{"embeddable":true,"href":"https:\/\/nvnoticias.mx\/index.php\/wp-json\/wp\/v2\/media\/98751"}],"wp:attachment":[{"href":"https:\/\/nvnoticias.mx\/index.php\/wp-json\/wp\/v2\/media?parent=98748"}],"wp:term":[{"taxonomy":"category","embeddable":true,"href":"https:\/\/nvnoticias.mx\/index.php\/wp-json\/wp\/v2\/categories?post=98748"},{"taxonomy":"post_tag","embeddable":true,"href":"https:\/\/nvnoticias.mx\/index.php\/wp-json\/wp\/v2\/tags?post=98748"}],"curies":[{"name":"wp","href":"https:\/\/api.w.org\/{rel}","templated":true}]}}