{"id":98741,"date":"2023-03-15T12:14:05","date_gmt":"2023-03-15T18:14:05","guid":{"rendered":"https:\/\/nvnoticias.mx\/?p=98741"},"modified":"2023-03-15T12:14:05","modified_gmt":"2023-03-15T18:14:05","slug":"se-reporta-la-caida-de-ceniza-en-medellin-por-incendio-en-manglar-de-veracruz","status":"publish","type":"post","link":"https:\/\/nvnoticias.mx\/index.php\/2023\/03\/15\/se-reporta-la-caida-de-ceniza-en-medellin-por-incendio-en-manglar-de-veracruz\/","title":{"rendered":"Se reporta la ca\u00edda de ceniza en Medell\u00edn por incendio en manglar de Veracruz"},"content":{"rendered":"\n<p><strong>Jes\u00fas Utrilla \/ NV Noticias<\/strong><\/p>\n\n\n\n<p>Debido a un incendio en el municipio de Veracruz habitantes de Medell\u00edn de Bravo reportaron la ca\u00edda de ceniza en sus patios y calles de las unidades habitacionales.&nbsp;<\/p>\n\n\n\n<p>Adri\u00e1n Mart\u00ednez Gayoso, director de Protecci\u00f3n Civil de Medell\u00edn, se\u00f1al\u00f3 que el incidente no represent\u00f3 riesgo para la poblaci\u00f3n pero s\u00ed se registr\u00f3 la llegada de ceniza en diversos puntos del municipio.&nbsp;<\/p>\n\n\n\n<p>La ca\u00edda de ceniza se report\u00f3 en los Fraccionamientos Puente Moreno, Campestre y El Tejar.&nbsp;<\/p>\n\n\n\n<p>Aunque eso gener\u00f3 la preocupaci\u00f3n de los vecinos quienes hicieron el reporte de la presencia y ca\u00edda de ceniza se inform\u00f3 que el incendio fue en la zona colindante con el municipio de Veracruz, pero que no fue de riesgo para los habitantes de ninguno de los dos municipios.&nbsp;<\/p>\n\n\n\n<blockquote class=\"wp-block-quote is-layout-flow wp-block-quote-is-layout-flow\"><p>\u201c<em>La ceniza es porque se registr\u00f3 un incendio pero en la parte de Veracruz. Varios habitantes de Medell\u00edn reportaron la presencia de estas part\u00edculas pero aunque estaban alarmados les pedimos guardar la calma ya que no representaba alg\u00fan riesgo. La ceniza cay\u00f3 en diferentes zonas pero fue por lo que menciono<\/em>\u201d.\u00a0<\/p><\/blockquote>\n\n\n\n<p>El incidente fue en la parte del manglar por lo cual las autoridades no pudieron ingresar y en esos casos lo que se hace es esperar a que se extinga solo.&nbsp;<\/p>\n","protected":false},"excerpt":{"rendered":"<p>Jes\u00fas Utrilla \/ NV Noticias Debido a un incendio en el municipio de Veracruz habitantes de Medell\u00edn de Bravo reportaron la ca\u00edda de ceniza en sus patios y calles de las unidades habitacionales.&nbsp; Adri\u00e1n Mart\u00ednez Gayoso, director de Protecci\u00f3n Civil de Medell\u00edn, se\u00f1al\u00f3 que el incidente no represent\u00f3 riesgo para la poblaci\u00f3n pero s\u00ed se [&hellip;]<\/p>\n","protected":false},"author":8,"featured_media":98742,"comment_status":"open","ping_status":"open","sticky":false,"template":"","format":"standard","meta":{"_monsterinsights_skip_tracking":false,"_monsterinsights_sitenote_active":false,"_monsterinsights_sitenote_note":"","_monsterinsights_sitenote_category":0,"footnotes":""},"categories":[154],"tags":[310,8065,2217],"class_list":["post-98741","post","type-post","status-publish","format-standard","has-post-thumbnail","hentry","category-veracruz","tag-incendio","tag-manglar","tag-medellin-de-bravo","wp-image-borders"],"amp_enabled":true,"_links":{"self":[{"href":"https:\/\/nvnoticias.mx\/index.php\/wp-json\/wp\/v2\/posts\/98741","targetHints":{"allow":["GET"]}}],"collection":[{"href":"https:\/\/nvnoticias.mx\/index.php\/wp-json\/wp\/v2\/posts"}],"about":[{"href":"https:\/\/nvnoticias.mx\/index.php\/wp-json\/wp\/v2\/types\/post"}],"author":[{"embeddable":true,"href":"https:\/\/nvnoticias.mx\/index.php\/wp-json\/wp\/v2\/users\/8"}],"replies":[{"embeddable":true,"href":"https:\/\/nvnoticias.mx\/index.php\/wp-json\/wp\/v2\/comments?post=98741"}],"version-history":[{"count":1,"href":"https:\/\/nvnoticias.mx\/index.php\/wp-json\/wp\/v2\/posts\/98741\/revisions"}],"predecessor-version":[{"id":98743,"href":"https:\/\/nvnoticias.mx\/index.php\/wp-json\/wp\/v2\/posts\/98741\/revisions\/98743"}],"wp:featuredmedia":[{"embeddable":true,"href":"https:\/\/nvnoticias.mx\/index.php\/wp-json\/wp\/v2\/media\/98742"}],"wp:attachment":[{"href":"https:\/\/nvnoticias.mx\/index.php\/wp-json\/wp\/v2\/media?parent=98741"}],"wp:term":[{"taxonomy":"category","embeddable":true,"href":"https:\/\/nvnoticias.mx\/index.php\/wp-json\/wp\/v2\/categories?post=98741"},{"taxonomy":"post_tag","embeddable":true,"href":"https:\/\/nvnoticias.mx\/index.php\/wp-json\/wp\/v2\/tags?post=98741"}],"curies":[{"name":"wp","href":"https:\/\/api.w.org\/{rel}","templated":true}]}}