{"id":98735,"date":"2023-03-15T11:46:19","date_gmt":"2023-03-15T17:46:19","guid":{"rendered":"https:\/\/nvnoticias.mx\/?p=98735"},"modified":"2023-03-15T11:46:20","modified_gmt":"2023-03-15T17:46:20","slug":"buscan-concientizar-sobre-el-sindrome-de-down-habra-un-torneo-de-futbol","status":"publish","type":"post","link":"https:\/\/nvnoticias.mx\/index.php\/2023\/03\/15\/buscan-concientizar-sobre-el-sindrome-de-down-habra-un-torneo-de-futbol\/","title":{"rendered":"Buscan concientizar sobre el S\u00edndrome de Down; habr\u00e1 un torneo de futbol"},"content":{"rendered":"\n<p><strong>Jes\u00fas Utrilla \/ NV Noticias<\/strong><\/p>\n\n\n\n<p>La fundaci\u00f3n S\u00edndrome de Down apoya actualmente a 50 ni\u00f1os de 2 a\u00f1os en adelante, pero tambi\u00e9n a personas con discapacidad intelectual.<\/p>\n\n\n\n<p>Carolina Perdomo Escobar, presidenta de la fundaci\u00f3n S\u00edndrome de Down, admiti\u00f3 que hace falta actuar ante la discriminaci\u00f3n, por ello se busca fomentar la actividad f\u00edsica.<\/p>\n\n\n\n<p>A la par se requiere m\u00e1s informaci\u00f3n sobre el S\u00edndrome de Down para que los ni\u00f1os tengan una mejor calidad de vida.<\/p>\n\n\n\n<blockquote class=\"wp-block-quote is-layout-flow wp-block-quote-is-layout-flow\"><p>\u201c<em>Queremos que la sociedad en general nos voltee a ver y que muchas empresas nos apoyen. Realmente lo que ha pasado es que no ha habido suficiente informaci\u00f3n y herramientas para llegar a todos los \u00e1mbitos sociales<\/em>\u201d.<\/p><\/blockquote>\n\n\n\n<p>El 21 de marzo se conmemora el D\u00eda del S\u00edndrome de Down y previamente se llevar\u00e1 a cabo el Primer Encuentro Futbol\u00edstico. Se buscar\u00e1 sensibilizar sobre el padecimiento. La entrada ser\u00e1 libre y habr\u00e1 actividades para toda la familia. Ser\u00e1n seis equipos entre C\u00f3rdoba, Xalapa, Banderillay Veracruz.<\/p>\n\n\n\n<blockquote class=\"wp-block-quote is-layout-flow wp-block-quote-is-layout-flow\"><p>\u201c<em>Lo que queremos es que la sociedad participe. Ser\u00e1 el 18 de marzo a la 1 de la tarde en el Estado Beto \u00c1vila. Tenemos 50 ni\u00f1os en la fundaci\u00f3n y buscamos contar con m\u00e1s herramientas. Este a\u00f1o hemos encontrado m\u00e1s apoyo y empresas que se suman al evento<\/em>\u201d.<\/p><\/blockquote>\n\n\n\n<p>Invit\u00f3 a la sociedad en general a participar en el encuentro para respaldar a los ni\u00f1os Down.<\/p>\n","protected":false},"excerpt":{"rendered":"<p>Jes\u00fas Utrilla \/ NV Noticias La fundaci\u00f3n S\u00edndrome de Down apoya actualmente a 50 ni\u00f1os de 2 a\u00f1os en adelante, pero tambi\u00e9n a personas con discapacidad intelectual. Carolina Perdomo Escobar, presidenta de la fundaci\u00f3n S\u00edndrome de Down, admiti\u00f3 que hace falta actuar ante la discriminaci\u00f3n, por ello se busca fomentar la actividad f\u00edsica. A la [&hellip;]<\/p>\n","protected":false},"author":8,"featured_media":98736,"comment_status":"open","ping_status":"open","sticky":false,"template":"","format":"standard","meta":{"_monsterinsights_skip_tracking":false,"_monsterinsights_sitenote_active":false,"_monsterinsights_sitenote_note":"","_monsterinsights_sitenote_category":0,"footnotes":""},"categories":[154],"tags":[10556,23907],"class_list":["post-98735","post","type-post","status-publish","format-standard","has-post-thumbnail","hentry","category-veracruz","tag-sindrome-de-down","tag-torneo-de-futbol","wp-image-borders"],"amp_enabled":true,"_links":{"self":[{"href":"https:\/\/nvnoticias.mx\/index.php\/wp-json\/wp\/v2\/posts\/98735","targetHints":{"allow":["GET"]}}],"collection":[{"href":"https:\/\/nvnoticias.mx\/index.php\/wp-json\/wp\/v2\/posts"}],"about":[{"href":"https:\/\/nvnoticias.mx\/index.php\/wp-json\/wp\/v2\/types\/post"}],"author":[{"embeddable":true,"href":"https:\/\/nvnoticias.mx\/index.php\/wp-json\/wp\/v2\/users\/8"}],"replies":[{"embeddable":true,"href":"https:\/\/nvnoticias.mx\/index.php\/wp-json\/wp\/v2\/comments?post=98735"}],"version-history":[{"count":1,"href":"https:\/\/nvnoticias.mx\/index.php\/wp-json\/wp\/v2\/posts\/98735\/revisions"}],"predecessor-version":[{"id":98737,"href":"https:\/\/nvnoticias.mx\/index.php\/wp-json\/wp\/v2\/posts\/98735\/revisions\/98737"}],"wp:featuredmedia":[{"embeddable":true,"href":"https:\/\/nvnoticias.mx\/index.php\/wp-json\/wp\/v2\/media\/98736"}],"wp:attachment":[{"href":"https:\/\/nvnoticias.mx\/index.php\/wp-json\/wp\/v2\/media?parent=98735"}],"wp:term":[{"taxonomy":"category","embeddable":true,"href":"https:\/\/nvnoticias.mx\/index.php\/wp-json\/wp\/v2\/categories?post=98735"},{"taxonomy":"post_tag","embeddable":true,"href":"https:\/\/nvnoticias.mx\/index.php\/wp-json\/wp\/v2\/tags?post=98735"}],"curies":[{"name":"wp","href":"https:\/\/api.w.org\/{rel}","templated":true}]}}