{"id":98693,"date":"2023-03-15T10:34:49","date_gmt":"2023-03-15T16:34:49","guid":{"rendered":"https:\/\/nvnoticias.mx\/?p=98693"},"modified":"2023-03-15T12:16:12","modified_gmt":"2023-03-15T18:16:12","slug":"el-viernes-habra-viento-con-rachas-de-95-kilometros-por-hora-en-veracruz","status":"publish","type":"post","link":"https:\/\/nvnoticias.mx\/index.php\/2023\/03\/15\/el-viernes-habra-viento-con-rachas-de-95-kilometros-por-hora-en-veracruz\/","title":{"rendered":"El viernes habr\u00e1 viento con rachas de 95 kil\u00f3metros por hora en Veracruz"},"content":{"rendered":"\n<p><strong>Jes\u00fas Utrilla | NV Noticias <\/strong><\/p>\n\n\n\n<p>El Ayuntamiento de Veracruz emiti\u00f3 un aviso especial por la entrada del Frente Fr\u00edo No. 40, cuyos efectos dejar\u00e1n viento del norte que pueden alcanzar los 95 kil\u00f3metros por hora y de 80 kilometros por hora el d\u00eda s\u00e1bado 18 de marzo.<\/p>\n\n\n\n<p>Si no hay cambios en el pron\u00f3stico se emitir\u00e1 alerta gris para que los ciudadanos extremen precauciones, ya que las rachas podr\u00edan ser intensas.&nbsp;<\/p>\n\n\n\n<p>El Gobierno Municipal de Veracruz, a trav\u00e9s de la Unidad de Protecci\u00f3n Civil, emiti\u00f3 el aviso preventivo por la entrada del Frente fr\u00edo No. 40 para que los ciudadanos comiencen a asegurar objetos en patios y azoteas y prevenir de esta manera cualquier eventualidad.<\/p>\n\n\n\n<p>De acuerdo al pron\u00f3stico actual, se tendr\u00e1 evento de norte con rachas que pueden alcanzar los 95 kil\u00f3metros por hora el d\u00eda viernes 17 de marzo, y de 80 kil\u00f3metros por hora para el d\u00eda s\u00e1bado 18.<\/p>\n\n\n\n<p>Se pidi\u00f3 a la ciudadana estar pendiente de las actualizaciones del tiempo, sobre todo porque podr\u00eda emitirse alerta gris.<\/p>\n\n\n\n<p>En caso de registrarse alguna emergencia, el Gobierno Municipal de Veracruz pudo a disposici\u00f3n de la ciudadan\u00eda los siguientes tel\u00e9fonos 2292002270, 2292002271 y el 911.<\/p>\n\n\n\n<figure class=\"wp-block-image size-large\"><img loading=\"lazy\" decoding=\"async\" width=\"1024\" height=\"1024\" src=\"https:\/\/nvnoticias.mx\/wp-content\/uploads\/2023\/03\/PHOTO-2023-03-15-10-24-24-1024x1024.jpg\" alt=\"\" class=\"wp-image-98694\" srcset=\"https:\/\/nvnoticias.mx\/wp-content\/uploads\/2023\/03\/PHOTO-2023-03-15-10-24-24-1024x1024.jpg 1024w, https:\/\/nvnoticias.mx\/wp-content\/uploads\/2023\/03\/PHOTO-2023-03-15-10-24-24-300x300.jpg 300w, https:\/\/nvnoticias.mx\/wp-content\/uploads\/2023\/03\/PHOTO-2023-03-15-10-24-24-150x150.jpg 150w, https:\/\/nvnoticias.mx\/wp-content\/uploads\/2023\/03\/PHOTO-2023-03-15-10-24-24-768x768.jpg 768w, https:\/\/nvnoticias.mx\/wp-content\/uploads\/2023\/03\/PHOTO-2023-03-15-10-24-24-1536x1536.jpg 1536w, https:\/\/nvnoticias.mx\/wp-content\/uploads\/2023\/03\/PHOTO-2023-03-15-10-24-24-600x600.jpg 600w, https:\/\/nvnoticias.mx\/wp-content\/uploads\/2023\/03\/PHOTO-2023-03-15-10-24-24-100x100.jpg 100w, https:\/\/nvnoticias.mx\/wp-content\/uploads\/2023\/03\/PHOTO-2023-03-15-10-24-24.jpg 1600w\" sizes=\"auto, (max-width: 1024px) 100vw, 1024px\" \/><\/figure>\n","protected":false},"excerpt":{"rendered":"<p>Jes\u00fas Utrilla | NV Noticias El Ayuntamiento de Veracruz emiti\u00f3 un aviso especial por la entrada del Frente Fr\u00edo No. 40, cuyos efectos dejar\u00e1n viento del norte que pueden alcanzar los 95 kil\u00f3metros por hora y de 80 kilometros por hora el d\u00eda s\u00e1bado 18 de marzo. Si no hay cambios en el pron\u00f3stico se [&hellip;]<\/p>\n","protected":false},"author":35,"featured_media":79065,"comment_status":"open","ping_status":"open","sticky":false,"template":"","format":"standard","meta":{"_monsterinsights_skip_tracking":false,"_monsterinsights_sitenote_active":false,"_monsterinsights_sitenote_note":"","_monsterinsights_sitenote_category":0,"footnotes":""},"categories":[154],"tags":[23910,162,8334],"class_list":["post-98693","post","type-post","status-publish","format-standard","has-post-thumbnail","hentry","category-veracruz","tag-frente-frio-40","tag-portada","tag-viento","wp-image-borders"],"amp_enabled":true,"_links":{"self":[{"href":"https:\/\/nvnoticias.mx\/index.php\/wp-json\/wp\/v2\/posts\/98693","targetHints":{"allow":["GET"]}}],"collection":[{"href":"https:\/\/nvnoticias.mx\/index.php\/wp-json\/wp\/v2\/posts"}],"about":[{"href":"https:\/\/nvnoticias.mx\/index.php\/wp-json\/wp\/v2\/types\/post"}],"author":[{"embeddable":true,"href":"https:\/\/nvnoticias.mx\/index.php\/wp-json\/wp\/v2\/users\/35"}],"replies":[{"embeddable":true,"href":"https:\/\/nvnoticias.mx\/index.php\/wp-json\/wp\/v2\/comments?post=98693"}],"version-history":[{"count":1,"href":"https:\/\/nvnoticias.mx\/index.php\/wp-json\/wp\/v2\/posts\/98693\/revisions"}],"predecessor-version":[{"id":98695,"href":"https:\/\/nvnoticias.mx\/index.php\/wp-json\/wp\/v2\/posts\/98693\/revisions\/98695"}],"wp:featuredmedia":[{"embeddable":true,"href":"https:\/\/nvnoticias.mx\/index.php\/wp-json\/wp\/v2\/media\/79065"}],"wp:attachment":[{"href":"https:\/\/nvnoticias.mx\/index.php\/wp-json\/wp\/v2\/media?parent=98693"}],"wp:term":[{"taxonomy":"category","embeddable":true,"href":"https:\/\/nvnoticias.mx\/index.php\/wp-json\/wp\/v2\/categories?post=98693"},{"taxonomy":"post_tag","embeddable":true,"href":"https:\/\/nvnoticias.mx\/index.php\/wp-json\/wp\/v2\/tags?post=98693"}],"curies":[{"name":"wp","href":"https:\/\/api.w.org\/{rel}","templated":true}]}}