{"id":98525,"date":"2023-03-14T10:53:31","date_gmt":"2023-03-14T16:53:31","guid":{"rendered":"https:\/\/nvnoticias.mx\/?p=98525"},"modified":"2023-03-14T10:53:32","modified_gmt":"2023-03-14T16:53:32","slug":"reprocha-mexico-ante-consules-opacidad-de-eu-para-detener-trafico-de-armas-y-drogas","status":"publish","type":"post","link":"https:\/\/nvnoticias.mx\/index.php\/2023\/03\/14\/reprocha-mexico-ante-consules-opacidad-de-eu-para-detener-trafico-de-armas-y-drogas\/","title":{"rendered":"Reprocha M\u00e9xico ante c\u00f3nsules opacidad de EU para detener tr\u00e1fico de armas y drogas"},"content":{"rendered":"\n<p>En un video difundido en la reuni\u00f3n en Washington que sostuvo el canciller, Marcelo Ebrard, con los c\u00f3nsules del pa\u00eds en Estados Unidos, el gobierno de M\u00e9xico reproch\u00f3 la falta de acci\u00f3n de la administraci\u00f3n Biden para frenar el tr\u00e1fico de armas de alto poder al pa\u00eds.<\/p>\n\n\n\n<p>En la narrativa, se se\u00f1al\u00f3 que Estados Unidos tiene la capacidad operativa para cumplir con este acuerdo en el marco del Entendimiento Bicentenario, no obstante, la estrategia y resultados no son p\u00fablicos por parte de las agencias estadounidenses.<\/p>\n\n\n\n<p>El gobierno federal sostuvo ante sus representantes diplom\u00e1ticos en Estados Unidos, quienes tendr\u00e1n la encomienda de informar en aquel pa\u00eds las acciones de la administraci\u00f3n del presidente Andr\u00e9s Manuel L\u00f3pez Obrador contra el tr\u00e1fico de drogas, que los decomisos de armas en M\u00e9xico es la muestra m\u00e1s evidente del combate al tr\u00e1fico de las mismas.<\/p>\n\n\n\n<blockquote class=\"wp-block-quote is-layout-flow wp-block-quote-is-layout-flow\"><p>\u201cSe considera que el gobierno de Estados Unidos tiene la capacidad para incrementar sus acciones y alcanzar sus compromisos contra\u00eddos en el Entendimiento Bicentenario.<\/p><\/blockquote>\n\n\n\n<blockquote class=\"wp-block-quote is-layout-flow wp-block-quote-is-layout-flow\"><p>\u201cEl incremento en el aseguramiento de armas en M\u00e9xico es el \u00fanico indicador que tenemos para apreciar las acciones que se lanzar para evitar el flujo hacia nuestro pa\u00eds sin que exista un mecanismo que proporcione informaci\u00f3n respecto a las acciones que se adoptan en Estados Unidos para disminuir el fen\u00f3meno delictivo y de salud p\u00fablica de ese pa\u00eds\u201d, acus\u00f3 M\u00e9xico.<\/p><\/blockquote>\n\n\n\n<p><\/p>\n\n\n\n<p>El gobierno mexicano afirm\u00f3 que la estrategia, sus objetivos y resultados en materia de seguridad son p\u00fablicos y pueden consultarse en internet a fin de obtener mediciones temporales de las acciones.<\/p>\n\n\n\n<p>De igual forma, destac\u00f3 que desde 2018, el presidente L\u00f3pez Obrador y su gabinete de seguridad tienen reuniones diarias donde quincenalmente exponen a la opini\u00f3n p\u00fablica los resultados del combate al crimen, como el aumento en 1,049% en el aseguramiento de fentanilo.<\/p>\n\n\n\n<blockquote class=\"wp-block-quote is-layout-flow wp-block-quote-is-layout-flow\"><p>\u201cNuestro pa\u00eds es respetuoso de la soberan\u00eda sobre las acciones que realiza el gobierno de Estados Unidos para enfrentar el tr\u00e1fico il\u00edcito de drogas y armas por lo que no suele cuestionar sus resultados atendiendo el principio de no injerencia en pol\u00edtica exterior\u201d, dijo.<\/p><\/blockquote>\n\n\n\n<p>Ayer, el mandatario federal se reuni\u00f3 con congresistas dem\u00f3cratas y republicanos para abordar \u201cde manera directa y franca\u201d las acciones gubernamentales para el combate a las drogas y armas.<\/p>\n\n\n\n<p>Este di\u00e1logo se enmarca en medio de una propuesta que lanzar\u00e1n senadores republicanos para declarar a los c\u00e1rteles de la droga como organizaciones terroristas lo que permitir\u00eda al gobierno utilizar al ej\u00e9rcito de aquel pa\u00eds para el combate al narcotr\u00e1fico.<\/p>\n\n\n\n<p>Dicha propuesta ha sido criticada duramente por el gobierno de M\u00e9xico al considerar que es una propuesta intervencionista y politiquera.<\/p>\n\n\n\n<p>Fuente: <a href=\"https:\/\/www.forbes.com.mx\/mexico-reprocha-ante-consules-opacidad-de-eu-para-detener-trafico-de-armas-y-drogas\/\" data-type=\"URL\" data-id=\"https:\/\/www.forbes.com.mx\/mexico-reprocha-ante-consules-opacidad-de-eu-para-detener-trafico-de-armas-y-drogas\/\">Forbes<\/a> <\/p>\n","protected":false},"excerpt":{"rendered":"<p>En un video difundido en la reuni\u00f3n en Washington que sostuvo el canciller, Marcelo Ebrard, con los c\u00f3nsules del pa\u00eds en Estados Unidos, el gobierno de M\u00e9xico reproch\u00f3 la falta de acci\u00f3n de la administraci\u00f3n Biden para frenar el tr\u00e1fico de armas de alto poder al pa\u00eds. En la narrativa, se se\u00f1al\u00f3 que Estados Unidos [&hellip;]<\/p>\n","protected":false},"author":35,"featured_media":55532,"comment_status":"open","ping_status":"open","sticky":false,"template":"","format":"standard","meta":{"_monsterinsights_skip_tracking":false,"_monsterinsights_sitenote_active":false,"_monsterinsights_sitenote_note":"","_monsterinsights_sitenote_category":0,"footnotes":""},"categories":[158],"tags":[8758,10297,1201,183,292,23875,16055,5384],"class_list":["post-98525","post","type-post","status-publish","format-standard","has-post-thumbnail","hentry","category-politica","tag-consules","tag-detener","tag-drogas","tag-estados-unidos","tag-mexico","tag-opacidad","tag-reprocha","tag-trafico-de-armas","wp-image-borders"],"amp_enabled":true,"_links":{"self":[{"href":"https:\/\/nvnoticias.mx\/index.php\/wp-json\/wp\/v2\/posts\/98525","targetHints":{"allow":["GET"]}}],"collection":[{"href":"https:\/\/nvnoticias.mx\/index.php\/wp-json\/wp\/v2\/posts"}],"about":[{"href":"https:\/\/nvnoticias.mx\/index.php\/wp-json\/wp\/v2\/types\/post"}],"author":[{"embeddable":true,"href":"https:\/\/nvnoticias.mx\/index.php\/wp-json\/wp\/v2\/users\/35"}],"replies":[{"embeddable":true,"href":"https:\/\/nvnoticias.mx\/index.php\/wp-json\/wp\/v2\/comments?post=98525"}],"version-history":[{"count":3,"href":"https:\/\/nvnoticias.mx\/index.php\/wp-json\/wp\/v2\/posts\/98525\/revisions"}],"predecessor-version":[{"id":98528,"href":"https:\/\/nvnoticias.mx\/index.php\/wp-json\/wp\/v2\/posts\/98525\/revisions\/98528"}],"wp:featuredmedia":[{"embeddable":true,"href":"https:\/\/nvnoticias.mx\/index.php\/wp-json\/wp\/v2\/media\/55532"}],"wp:attachment":[{"href":"https:\/\/nvnoticias.mx\/index.php\/wp-json\/wp\/v2\/media?parent=98525"}],"wp:term":[{"taxonomy":"category","embeddable":true,"href":"https:\/\/nvnoticias.mx\/index.php\/wp-json\/wp\/v2\/categories?post=98525"},{"taxonomy":"post_tag","embeddable":true,"href":"https:\/\/nvnoticias.mx\/index.php\/wp-json\/wp\/v2\/tags?post=98525"}],"curies":[{"name":"wp","href":"https:\/\/api.w.org\/{rel}","templated":true}]}}