{"id":98462,"date":"2023-03-13T19:44:45","date_gmt":"2023-03-14T01:44:45","guid":{"rendered":"https:\/\/nvnoticias.mx\/?p=98462"},"modified":"2023-03-13T19:44:47","modified_gmt":"2023-03-14T01:44:47","slug":"cedh-es-omisa-en-casos-de-tortura-denunciados-en-el-estado","status":"publish","type":"post","link":"https:\/\/nvnoticias.mx\/index.php\/2023\/03\/13\/cedh-es-omisa-en-casos-de-tortura-denunciados-en-el-estado\/","title":{"rendered":"CEDH es omisa en casos de tortura denunciados en el estado"},"content":{"rendered":"\n<p><strong>Jes\u00fas Utrilla \/ NV Noticias<\/strong><\/p>\n\n\n\n<p>La Comisi\u00f3n Estatal de Derechos Humanos de Veracruz se encuentra bajo la lupa tras una entrevista con su presidenta, Namiko Matsumoto Ben\u00edtez, en la que afirm\u00f3 desconocer los casos de tortura recientemente denunciados contra personal de la Secretar\u00eda de Seguridad P\u00fablica en la entidad. <\/p>\n\n\n\n<p>Antonio del R\u00edo Argudin, quien present\u00f3 una denuncia por tortura y extorsi\u00f3n agravada contra el director del penal de Veracruz, Iv\u00e1n M\u00e1rquez Lucido, acus\u00f3 a la CEDH de inacci\u00f3n. <\/p>\n\n\n\n<p>Seg\u00fan Del R\u00edo Argudin, la Comisi\u00f3n inici\u00f3 una investigaci\u00f3n de los hechos denunciados en octubre del a\u00f1o pasado, pero a pesar de contar con pruebas, la investigaci\u00f3n no ha avanzado lo suficiente para emitir una recomendaci\u00f3n. <\/p>\n\n\n\n<p>El ciudadano afectado tambi\u00e9n denunci\u00f3 que la investigaci\u00f3n de la CEDH ha sido m\u00e1s lenta que la de la Fiscal\u00eda General del Estado, lo que ha generado un gran malestar en su persona. Adem\u00e1s, ratific\u00f3 su queja ante Derechos Humanos y mantuvo actualizados los reportes cl\u00ednicos y dict\u00e1menes m\u00e9dicos y psicol\u00f3gicos que confirman la tortura de la que fue v\u00edctima. <\/p>\n\n\n\n<p>El ciudadano inst\u00f3 a la presidenta de la Comisi\u00f3n Estatal de Derechos Humanos a que cumpla con la ley y emita una recomendaci\u00f3n pronta y expedita basada en los dict\u00e1menes m\u00e9dicos y psicol\u00f3gicos y ratificaci\u00f3n de testigos a favor de \u00e9l mismo, en los que se se\u00f1ala al director del penal de Veracruz, Iv\u00e1n M\u00e1rquez Lucido, como responsable de la tortura. <\/p>\n\n\n\n<p>Tambi\u00e9n pidi\u00f3 que se presenten los videos no editados donde funcionarios del gobierno del estado aceptan lo que se est\u00e1 viviendo dentro del penalito de Veracruz. <\/p>\n\n\n\n<p>Insisti\u00f3 en que es importante que la Comisi\u00f3n Estatal de Derechos Humanos de Veracruz cumpla con su deber de proteger y garantizar los derechos humanos de todos los ciudadanos del estado. <\/p>\n\n\n\n<p>La sociedad espera que la presidenta de la Comisi\u00f3n tome medidas urgentes y emita una recomendaci\u00f3n pronto y expedita en este y otros casos de ciudadanos afectados.<\/p>\n","protected":false},"excerpt":{"rendered":"<p>Jes\u00fas Utrilla \/ NV Noticias La Comisi\u00f3n Estatal de Derechos Humanos de Veracruz se encuentra bajo la lupa tras una entrevista con su presidenta, Namiko Matsumoto Ben\u00edtez, en la que afirm\u00f3 desconocer los casos de tortura recientemente denunciados contra personal de la Secretar\u00eda de Seguridad P\u00fablica en la entidad. Antonio del R\u00edo Argudin, quien present\u00f3 [&hellip;]<\/p>\n","protected":false},"author":8,"featured_media":98463,"comment_status":"open","ping_status":"open","sticky":false,"template":"","format":"standard","meta":{"_monsterinsights_skip_tracking":false,"_monsterinsights_sitenote_active":false,"_monsterinsights_sitenote_note":"","_monsterinsights_sitenote_category":0,"footnotes":""},"categories":[154],"tags":[353,1718],"class_list":["post-98462","post","type-post","status-publish","format-standard","has-post-thumbnail","hentry","category-veracruz","tag-cedh","tag-tortura","wp-image-borders"],"amp_enabled":true,"_links":{"self":[{"href":"https:\/\/nvnoticias.mx\/index.php\/wp-json\/wp\/v2\/posts\/98462","targetHints":{"allow":["GET"]}}],"collection":[{"href":"https:\/\/nvnoticias.mx\/index.php\/wp-json\/wp\/v2\/posts"}],"about":[{"href":"https:\/\/nvnoticias.mx\/index.php\/wp-json\/wp\/v2\/types\/post"}],"author":[{"embeddable":true,"href":"https:\/\/nvnoticias.mx\/index.php\/wp-json\/wp\/v2\/users\/8"}],"replies":[{"embeddable":true,"href":"https:\/\/nvnoticias.mx\/index.php\/wp-json\/wp\/v2\/comments?post=98462"}],"version-history":[{"count":1,"href":"https:\/\/nvnoticias.mx\/index.php\/wp-json\/wp\/v2\/posts\/98462\/revisions"}],"predecessor-version":[{"id":98464,"href":"https:\/\/nvnoticias.mx\/index.php\/wp-json\/wp\/v2\/posts\/98462\/revisions\/98464"}],"wp:featuredmedia":[{"embeddable":true,"href":"https:\/\/nvnoticias.mx\/index.php\/wp-json\/wp\/v2\/media\/98463"}],"wp:attachment":[{"href":"https:\/\/nvnoticias.mx\/index.php\/wp-json\/wp\/v2\/media?parent=98462"}],"wp:term":[{"taxonomy":"category","embeddable":true,"href":"https:\/\/nvnoticias.mx\/index.php\/wp-json\/wp\/v2\/categories?post=98462"},{"taxonomy":"post_tag","embeddable":true,"href":"https:\/\/nvnoticias.mx\/index.php\/wp-json\/wp\/v2\/tags?post=98462"}],"curies":[{"name":"wp","href":"https:\/\/api.w.org\/{rel}","templated":true}]}}