{"id":98392,"date":"2023-03-13T13:52:46","date_gmt":"2023-03-13T19:52:46","guid":{"rendered":"https:\/\/nvnoticias.mx\/?p=98392"},"modified":"2023-03-13T13:52:46","modified_gmt":"2023-03-13T19:52:46","slug":"critica-amlo-a-medios-de-comunicacion-de-eu-por-hablar-de-carteles-en-mexico-y-no-en-su-pais","status":"publish","type":"post","link":"https:\/\/nvnoticias.mx\/index.php\/2023\/03\/13\/critica-amlo-a-medios-de-comunicacion-de-eu-por-hablar-de-carteles-en-mexico-y-no-en-su-pais\/","title":{"rendered":"Critica AMLO a medios de comunicaci\u00f3n de EU por hablar de c\u00e1rteles en M\u00e9xico y no en su pa\u00eds"},"content":{"rendered":"\n<p>El presidente Andr\u00e9s Manuel L\u00f3pez Obrador critic\u00f3 que los<strong>\u00a0medios de comunicaci\u00f3n<\/strong>\u00a0en Estados Unidos s\u00f3lo hablan de los\u00a0<strong>c\u00e1rteles en M\u00e9xico<\/strong>\u00a0y no dicen c\u00f3mo operan esas organizaciones criminales en ese pa\u00eds en la distribuci\u00f3n de droga como si \u201cbajaran toneladas con marcianos\u201d o con submarinos.\u00a0<\/p>\n\n\n\n<blockquote class=\"wp-block-quote is-layout-flow wp-block-quote-is-layout-flow\"><p>\u201cLos medios de informaci\u00f3n no hablan de los c\u00e1rteles de Estados Unidos, no hablan de eso, es como si llegara la droga en submarinos, ahora que est\u00e1n de moda los globos, bajan toneladas de droga a Estados Unidos con marcianos, y all\u00e1, como est\u00e1 todo tan avanzado, se pide por Internet y se surte, y es una red invisible,all\u00e1 no hay narcotraficantes\u201d.<\/p><\/blockquote>\n\n\n\n<p>En conferencia de prensa, L\u00f3pez Obrador cuestion\u00f3\u00a0<strong>c\u00f3mo le llega la droga<\/strong>\u00a0a los j\u00f3venes y qui\u00e9n la vende en\u00a0<strong>Estados Unidos<\/strong>. \u00a0<\/p>\n\n\n\n<blockquote class=\"wp-block-quote is-layout-flow wp-block-quote-is-layout-flow\"><p>\u201c<strong>\u00bfO es nada m\u00e1s ac\u00e1?\u00a0<\/strong>Y de eso no hablan. Estoy informando hoy que hace como dos meses detuvieron, pero creo que nada m\u00e1s lo destituyeron del cargo, aquel era\u00a0<strong>jefe de la DEA en M\u00e9xico<\/strong>, y no se volvi\u00f3 hablar nada de \u00e9l, no se sabe nada, la DEA no inform\u00f3, pero tampoco lo hicieron all\u00e1, all\u00e1 es como el castillo de la pureza\u201d, fustig\u00f3.\u00a0<\/p><\/blockquote>\n\n\n\n<p>El Presidente consider\u00f3 que hace falta que los medios recojan m\u00e1s los sentimientos de la gente, que no est\u00e9n nada m\u00e1s haciendo\u00a0<strong>periodismo para las \u00e9lites<\/strong>.<\/p>\n\n\n\n<p>Fuente:<a href=\"https:\/\/www.eluniversal.com.mx\/nacion\/amlo-critica-medios-de-comunicacion-de-eu-por-hablar-de-carteles-en-mexico-y-no-en-su-pais\" data-type=\"URL\" data-id=\"https:\/\/www.eluniversal.com.mx\/nacion\/amlo-critica-medios-de-comunicacion-de-eu-por-hablar-de-carteles-en-mexico-y-no-en-su-pais\"> El Universal<\/a><\/p>\n","protected":false},"excerpt":{"rendered":"<p>El presidente Andr\u00e9s Manuel L\u00f3pez Obrador critic\u00f3 que los\u00a0medios de comunicaci\u00f3n\u00a0en Estados Unidos s\u00f3lo hablan de los\u00a0c\u00e1rteles en M\u00e9xico\u00a0y no dicen c\u00f3mo operan esas organizaciones criminales en ese pa\u00eds en la distribuci\u00f3n de droga como si \u201cbajaran toneladas con marcianos\u201d o con submarinos.\u00a0 \u201cLos medios de informaci\u00f3n no hablan de los c\u00e1rteles de Estados Unidos, [&hellip;]<\/p>\n","protected":false},"author":35,"featured_media":59957,"comment_status":"open","ping_status":"open","sticky":false,"template":"","format":"standard","meta":{"_monsterinsights_skip_tracking":false,"_monsterinsights_sitenote_active":false,"_monsterinsights_sitenote_note":"","_monsterinsights_sitenote_category":0,"footnotes":""},"categories":[157],"tags":[188,3045,10633,12250,183,12935,9393,292],"class_list":["post-98392","post","type-post","status-publish","format-standard","has-post-thumbnail","hentry","category-nacional","tag-amlo","tag-carteles","tag-comunicacion","tag-critica-2","tag-estados-unidos","tag-hablar","tag-medios","tag-mexico","wp-image-borders"],"amp_enabled":true,"_links":{"self":[{"href":"https:\/\/nvnoticias.mx\/index.php\/wp-json\/wp\/v2\/posts\/98392","targetHints":{"allow":["GET"]}}],"collection":[{"href":"https:\/\/nvnoticias.mx\/index.php\/wp-json\/wp\/v2\/posts"}],"about":[{"href":"https:\/\/nvnoticias.mx\/index.php\/wp-json\/wp\/v2\/types\/post"}],"author":[{"embeddable":true,"href":"https:\/\/nvnoticias.mx\/index.php\/wp-json\/wp\/v2\/users\/35"}],"replies":[{"embeddable":true,"href":"https:\/\/nvnoticias.mx\/index.php\/wp-json\/wp\/v2\/comments?post=98392"}],"version-history":[{"count":1,"href":"https:\/\/nvnoticias.mx\/index.php\/wp-json\/wp\/v2\/posts\/98392\/revisions"}],"predecessor-version":[{"id":98393,"href":"https:\/\/nvnoticias.mx\/index.php\/wp-json\/wp\/v2\/posts\/98392\/revisions\/98393"}],"wp:featuredmedia":[{"embeddable":true,"href":"https:\/\/nvnoticias.mx\/index.php\/wp-json\/wp\/v2\/media\/59957"}],"wp:attachment":[{"href":"https:\/\/nvnoticias.mx\/index.php\/wp-json\/wp\/v2\/media?parent=98392"}],"wp:term":[{"taxonomy":"category","embeddable":true,"href":"https:\/\/nvnoticias.mx\/index.php\/wp-json\/wp\/v2\/categories?post=98392"},{"taxonomy":"post_tag","embeddable":true,"href":"https:\/\/nvnoticias.mx\/index.php\/wp-json\/wp\/v2\/tags?post=98392"}],"curies":[{"name":"wp","href":"https:\/\/api.w.org\/{rel}","templated":true}]}}