{"id":98378,"date":"2023-03-13T13:27:56","date_gmt":"2023-03-13T19:27:56","guid":{"rendered":"https:\/\/nvnoticias.mx\/?p=98378"},"modified":"2023-03-13T13:27:57","modified_gmt":"2023-03-13T19:27:57","slug":"regreso-edmundo-jacobo-al-ine-luego-de-que-se-ordeno-su-restitucion","status":"publish","type":"post","link":"https:\/\/nvnoticias.mx\/index.php\/2023\/03\/13\/regreso-edmundo-jacobo-al-ine-luego-de-que-se-ordeno-su-restitucion\/","title":{"rendered":"Regres\u00f3 Edmundo Jacobo al INE luego de que se orden\u00f3 su restituci\u00f3n"},"content":{"rendered":"\n<p>A cuatro d\u00edas de que\u00a0<strong>Edmundo Jacobo Molina<\/strong>\u00a0fue restituido por un Tribunal, aunque temporalmente, como secretario ejecutivo del\u00a0<strong>Instituto Nacional Electoral (INE)<\/strong>, este \u00f3rgano confirm\u00f3 a\u00a0<strong>Infobae\u00a0<\/strong>que el funcionario\u00a0<strong>ya se reincorpor\u00f3<\/strong>\u00a0a sus labores, luego de haber sido cesado ante la entrada en vigor del\u00a0<strong>Plan B electoral<\/strong>.<\/p>\n\n\n\n<p><strong>Lorenzo C\u00f3rdova<\/strong>, consejero presidente del INE, asegur\u00f3 anteriormente que la restituci\u00f3n de\u00a0<strong>Edmundo Jacobo Molina<\/strong>\u00a0representa uno de los muchos reveses que sufrir\u00e1 el paquete de reformas del presidente<strong>\u00a0Andr\u00e9s Manuel L\u00f3pez Obrador<\/strong>.<\/p>\n\n\n\n<blockquote class=\"wp-block-quote is-layout-flow wp-block-quote-is-layout-flow\"><p>\u201cEsta semana que concluye, una juez de Distrito le otorg\u00f3 al secretario ejecutivo del INE, Edmundo Jacobo Molina, un\u00a0<strong>funcionario probo, honesto y comprometido<\/strong>, al que el sistema electoral y la democracia le deben mucho, una suspensi\u00f3n definitiva en contra del cese que le impuso indebidamente la reforma y, por lo tanto,\u00a0<strong>ordena su reinstalaci\u00f3n<\/strong>. Con ello estos cambios legales, arbitrarios, antidemocr\u00e1ticos e inconstitucionales del Plan B sufrieron su\u00a0<strong>primer rev\u00e9s jur\u00eddico<\/strong>, el primero, estoy seguro, de muchos que vendr\u00e1n\u201d, dijo C\u00f3rdova Vianello en un mensaje el domingo.<\/p><\/blockquote>\n\n\n\n<p>Si bien el INE confirm\u00f3 a\u00a0<strong>Infobae\u00a0<\/strong>que la reincorporaci\u00f3n de\u00a0<strong>Edmundo Jacobo se llev\u00f3 a cabo hoy\u00a0<\/strong>mismo, ser\u00e1 en la sesi\u00f3n del Consejo General que\u00a0<strong>se realizar\u00e1 a las 17:00 horas<\/strong>\u00a0cuando se formalizar\u00e1 su regreso a las actividades.<\/p>\n\n\n\n<p>El cese de Edmundo Jacobo respondi\u00f3 a la entrada en vigor de la\u00a0<strong>Ley General de Medios de Impugnaci\u00f3n en Materia Electoral<\/strong>, de reciente creaci\u00f3n, que en su art\u00edculo 17 transitorio, ordena la modificaci\u00f3n de facultades de la\u00a0<strong>Secretar\u00eda Ejecutiva<\/strong>\u00a0y, por ende, el cese del funcionario electoral.<\/p>\n\n\n\n<blockquote class=\"wp-block-quote is-layout-flow wp-block-quote-is-layout-flow\"><p>\u201cDada la modificaci\u00f3n de las facultades de\u00a0<strong>Secretar\u00eda Ejecutiva\u00a0<\/strong>con la entrada en vigor del presente Decreto, la persona titular de dicho cargo\u00a0<strong>cesar\u00e1 en sus funciones<\/strong>\u00a0a partir de su publicaci\u00f3n\u201d, dice el art\u00edculo.<\/p><\/blockquote>\n\n\n\n<p>Asimismo, indic\u00f3 en un segundo p\u00e1rrafo que el&nbsp;<strong>Consejo General<\/strong>&nbsp;<strong>del INE<\/strong>&nbsp;deber\u00eda nombrar entre sus directores ejecutivos a un&nbsp;<strong>encargado del despacho<\/strong>, para lo cual se nombr\u00f3 el 3 de marzo a&nbsp;<strong>Roberto Heycher Cardiel<\/strong>.<\/p>\n\n\n\n<p>Fue el pasado 9 de marzo cuando el\u00a0<strong>Tribunal Electoral del Poder Judicial de la Federaci\u00f3n (TEPJF)\u00a0<\/strong>dio un rev\u00e9s al Plan B, al ordenar la reincorporaci\u00f3n de\u00a0<strong>Edmundo Jacobo<\/strong>\u00a0en el cargo como consecuencia de una\u00a0<strong>suspensi\u00f3n provisional<\/strong>\u00a0que le fue otorgada por el Noveno Tribunal Colegiado en Materia Administrativa.<\/p>\n\n\n\n<p>Fuente: <a href=\"https:\/\/www.infobae.com\/mexico\/2023\/03\/13\/golpe-al-plan-b-regreso-edmundo-jacobo-al-ine-luego-de-que-se-ordeno-su-restitucion\/\" data-type=\"URL\" data-id=\"https:\/\/www.infobae.com\/mexico\/2023\/03\/13\/golpe-al-plan-b-regreso-edmundo-jacobo-al-ine-luego-de-que-se-ordeno-su-restitucion\/\">Infobae<\/a><\/p>\n","protected":false},"excerpt":{"rendered":"<p>A cuatro d\u00edas de que\u00a0Edmundo Jacobo Molina\u00a0fue restituido por un Tribunal, aunque temporalmente, como secretario ejecutivo del\u00a0Instituto Nacional Electoral (INE), este \u00f3rgano confirm\u00f3 a\u00a0Infobae\u00a0que el funcionario\u00a0ya se reincorpor\u00f3\u00a0a sus labores, luego de haber sido cesado ante la entrada en vigor del\u00a0Plan B electoral. Lorenzo C\u00f3rdova, consejero presidente del INE, asegur\u00f3 anteriormente que la restituci\u00f3n de\u00a0Edmundo [&hellip;]<\/p>\n","protected":false},"author":35,"featured_media":96422,"comment_status":"open","ping_status":"open","sticky":false,"template":"","format":"standard","meta":{"_monsterinsights_skip_tracking":false,"_monsterinsights_sitenote_active":false,"_monsterinsights_sitenote_note":"","_monsterinsights_sitenote_category":0,"footnotes":""},"categories":[158],"tags":[23537,443,13941,162,13947,23853],"class_list":["post-98378","post","type-post","status-publish","format-standard","has-post-thumbnail","hentry","category-politica","tag-edmundo-jacobo","tag-ine","tag-ordeno","tag-portada","tag-regreso-2","tag-restitucion","wp-image-borders"],"amp_enabled":true,"_links":{"self":[{"href":"https:\/\/nvnoticias.mx\/index.php\/wp-json\/wp\/v2\/posts\/98378","targetHints":{"allow":["GET"]}}],"collection":[{"href":"https:\/\/nvnoticias.mx\/index.php\/wp-json\/wp\/v2\/posts"}],"about":[{"href":"https:\/\/nvnoticias.mx\/index.php\/wp-json\/wp\/v2\/types\/post"}],"author":[{"embeddable":true,"href":"https:\/\/nvnoticias.mx\/index.php\/wp-json\/wp\/v2\/users\/35"}],"replies":[{"embeddable":true,"href":"https:\/\/nvnoticias.mx\/index.php\/wp-json\/wp\/v2\/comments?post=98378"}],"version-history":[{"count":1,"href":"https:\/\/nvnoticias.mx\/index.php\/wp-json\/wp\/v2\/posts\/98378\/revisions"}],"predecessor-version":[{"id":98379,"href":"https:\/\/nvnoticias.mx\/index.php\/wp-json\/wp\/v2\/posts\/98378\/revisions\/98379"}],"wp:featuredmedia":[{"embeddable":true,"href":"https:\/\/nvnoticias.mx\/index.php\/wp-json\/wp\/v2\/media\/96422"}],"wp:attachment":[{"href":"https:\/\/nvnoticias.mx\/index.php\/wp-json\/wp\/v2\/media?parent=98378"}],"wp:term":[{"taxonomy":"category","embeddable":true,"href":"https:\/\/nvnoticias.mx\/index.php\/wp-json\/wp\/v2\/categories?post=98378"},{"taxonomy":"post_tag","embeddable":true,"href":"https:\/\/nvnoticias.mx\/index.php\/wp-json\/wp\/v2\/tags?post=98378"}],"curies":[{"name":"wp","href":"https:\/\/api.w.org\/{rel}","templated":true}]}}