{"id":98365,"date":"2023-03-13T12:43:10","date_gmt":"2023-03-13T18:43:10","guid":{"rendered":"https:\/\/nvnoticias.mx\/?p=98365"},"modified":"2023-03-13T12:43:11","modified_gmt":"2023-03-13T18:43:11","slug":"no-hay-fecha-para-nuevo-reglamento-de-transito-en-veracruz","status":"publish","type":"post","link":"https:\/\/nvnoticias.mx\/index.php\/2023\/03\/13\/no-hay-fecha-para-nuevo-reglamento-de-transito-en-veracruz\/","title":{"rendered":"No hay fecha para nuevo reglamento de tr\u00e1nsito en Veracruz"},"content":{"rendered":"\n<p><strong>Sam Ojeda \/ NV Noticias<\/strong><\/p>\n\n\n\n<p>Xalapa.-El gobernador Cuitl\u00e1huac Garc\u00eda Jim\u00e9nez se\u00f1al\u00f3 que trabajan en el nuevo reglamento de tr\u00e1nsito y seguridad vial&nbsp; que se hab\u00eda prometido para marzo de este a\u00f1o y que no hay fecha para su publicaci\u00f3n.<\/p>\n\n\n\n<p>Y es que dijo que hay varios temas que han retrasado su publicaci\u00f3n como la doble funci\u00f3n entre los polic\u00edas viales y los agentes de tr\u00e1nsito, as\u00ed como el tema del cobro de multas en el sitio de la infracci\u00f3n.<\/p>\n\n\n\n<blockquote class=\"wp-block-quote is-layout-flow wp-block-quote-is-layout-flow\"><p>\u201c<em>Seguimos batallando en temas legales pero lo vamos a sacar, es un compromiso y forma parte de este combate a la corrupci\u00f3n que queremos hacer y por eso queremos dedicarle detalle para evitar amparos porque va a tocar intereses. Hab\u00eda dicho que en marzo pero siendo honestos falta mucho por definir<\/em>\u201d.<\/p><\/blockquote>\n\n\n\n<p>A\u00f1adi\u00f3 que la propuesta ya est\u00e1 terminada pero que se la dio a alguien para que como ciudadano le diera su opini\u00f3n y hay todav\u00eda detalles que afinar.<\/p>\n\n\n\n<blockquote class=\"wp-block-quote is-layout-flow wp-block-quote-is-layout-flow\"><p>\u201c<em>Reconocemos que tenemos problemas porque queremos que operar muchas cosas y tenemos que ponernos de acuerdo\u00a0 (\u2026) Salt\u00f3 un detalle, hay una doble funci\u00f3n entre el polic\u00eda vial y el agente de tr\u00e1nsito y tenemos que dirimir eso y volv\u00ed a encargar la revisi\u00f3n de la propuesta<\/em>\u201d.<\/p><\/blockquote>\n\n\n\n<p>Garc\u00eda Jim\u00e9nez indic\u00f3 que se debe homogeneizar salarios, y determinar que se har\u00e1 con la polic\u00eda vial y determinar qui\u00e9n s\u00ed puede portar armas y qui\u00e9n no.<\/p>\n\n\n\n<p>En otro tema, sobre la demanda de pobladores del municipio de Cuitl\u00e1huac que demandan la salida de elementos de la SSP de este sitio, el Gobernador dijo que no son pobladores y que se debe a que han realizado operativos en la zona.<\/p>\n\n\n\n<blockquote class=\"wp-block-quote is-layout-flow wp-block-quote-is-layout-flow\"><p>\u201c<em>Hay un grupo que se siente afectado por operativos que hemos realizado en esa regi\u00f3n y hacia Omealca y por eso andan grillando. No se debe permitir ning\u00fan tipo de corrupci\u00f3n entre elementos de SSP<\/em>\u201d.<\/p><\/blockquote>\n\n\n\n<p>Garc\u00eda Jim\u00e9nez ejemplific\u00f3 que en Mart\u00ednez de la Torre fueron sancionados tres elementos de la SSP porno incurrir en actos de corrupci\u00f3n.&nbsp;<\/p>\n\n\n\n<blockquote class=\"wp-block-quote is-layout-flow wp-block-quote-is-layout-flow\"><p>\u201c<em>Nosotros tenemos autoridad porque no somos corruptos y que se investigara en Mart\u00ednez de la Torre fueron dos y hoy fue proceder. Se inici\u00f3 investigaci\u00f3n en Asuntos Internos<\/em><\/p><p><em>Se sancion\u00f3 a otro polic\u00eda a quien sorprendieron arregl\u00e1ndose, no vamos a permitir que tres elementos manchen lo que est\u00e1n haciendo otros<\/em>\u201d.<\/p><\/blockquote>\n","protected":false},"excerpt":{"rendered":"<p>Sam Ojeda \/ NV Noticias Xalapa.-El gobernador Cuitl\u00e1huac Garc\u00eda Jim\u00e9nez se\u00f1al\u00f3 que trabajan en el nuevo reglamento de tr\u00e1nsito y seguridad vial&nbsp; que se hab\u00eda prometido para marzo de este a\u00f1o y que no hay fecha para su publicaci\u00f3n. Y es que dijo que hay varios temas que han retrasado su publicaci\u00f3n como la doble [&hellip;]<\/p>\n","protected":false},"author":8,"featured_media":98366,"comment_status":"open","ping_status":"open","sticky":false,"template":"","format":"standard","meta":{"_monsterinsights_skip_tracking":false,"_monsterinsights_sitenote_active":false,"_monsterinsights_sitenote_note":"","_monsterinsights_sitenote_category":0,"footnotes":""},"categories":[156],"tags":[23850,180],"class_list":["post-98365","post","type-post","status-publish","format-standard","has-post-thumbnail","hentry","category-estado","tag-reglamento-transito","tag-veracruz","wp-image-borders"],"amp_enabled":true,"_links":{"self":[{"href":"https:\/\/nvnoticias.mx\/index.php\/wp-json\/wp\/v2\/posts\/98365","targetHints":{"allow":["GET"]}}],"collection":[{"href":"https:\/\/nvnoticias.mx\/index.php\/wp-json\/wp\/v2\/posts"}],"about":[{"href":"https:\/\/nvnoticias.mx\/index.php\/wp-json\/wp\/v2\/types\/post"}],"author":[{"embeddable":true,"href":"https:\/\/nvnoticias.mx\/index.php\/wp-json\/wp\/v2\/users\/8"}],"replies":[{"embeddable":true,"href":"https:\/\/nvnoticias.mx\/index.php\/wp-json\/wp\/v2\/comments?post=98365"}],"version-history":[{"count":1,"href":"https:\/\/nvnoticias.mx\/index.php\/wp-json\/wp\/v2\/posts\/98365\/revisions"}],"predecessor-version":[{"id":98367,"href":"https:\/\/nvnoticias.mx\/index.php\/wp-json\/wp\/v2\/posts\/98365\/revisions\/98367"}],"wp:featuredmedia":[{"embeddable":true,"href":"https:\/\/nvnoticias.mx\/index.php\/wp-json\/wp\/v2\/media\/98366"}],"wp:attachment":[{"href":"https:\/\/nvnoticias.mx\/index.php\/wp-json\/wp\/v2\/media?parent=98365"}],"wp:term":[{"taxonomy":"category","embeddable":true,"href":"https:\/\/nvnoticias.mx\/index.php\/wp-json\/wp\/v2\/categories?post=98365"},{"taxonomy":"post_tag","embeddable":true,"href":"https:\/\/nvnoticias.mx\/index.php\/wp-json\/wp\/v2\/tags?post=98365"}],"curies":[{"name":"wp","href":"https:\/\/api.w.org\/{rel}","templated":true}]}}