{"id":98358,"date":"2023-03-13T12:17:12","date_gmt":"2023-03-13T18:17:12","guid":{"rendered":"https:\/\/nvnoticias.mx\/?p=98358"},"modified":"2023-03-13T12:17:13","modified_gmt":"2023-03-13T18:17:13","slug":"nueva-manifestacion-contra-cfe-por-apagones-en-veracruz","status":"publish","type":"post","link":"https:\/\/nvnoticias.mx\/index.php\/2023\/03\/13\/nueva-manifestacion-contra-cfe-por-apagones-en-veracruz\/","title":{"rendered":"Nueva manifestaci\u00f3n contra CFE por apagones en Veracruz"},"content":{"rendered":"\n<p><strong>Jes\u00fas Utrilla \/ NV Noticias<\/strong><\/p>\n\n\n\n<p>Vecinos de El Coyol piden soluci\u00f3n a CFE ante los constantes apagones, pues la semana pasada hubo entre cuatro y cinco que dudaron toda la noche.<\/p>\n\n\n\n<p>Alejandra Ram\u00edrez B\u00e1ez, habitante del Coyol, dijo que se han echado a perder equipos electrodom\u00e9sticos, pero adem\u00e1s los cortes de energ\u00eda se han dado sobre todo en las noches, generando incomodidades y afectaciones porque hay gente enferma que requiere refrigerar sus medicamentos o de energ\u00eda el\u00e9ctrica para que funcionen&nbsp;los aparatos que ocupan.&nbsp;<\/p>\n\n\n\n<blockquote class=\"wp-block-quote is-layout-flow wp-block-quote-is-layout-flow\"><p>\u201c<em>Si no nos manifestamos y alzamos la voz no\u00a0hacen nada. Est\u00e1n muy buenos para cobrar, para cortar la luz y para todo\u00a0pero cuando tenemos que solucionar no. Es un problema que tiene bastante tiempo y se est\u00e1 empezando a incrementar, si no le echamos ganas nos vamos a quedar un d\u00eda sin luz y nadie nos va a resolver<\/em>\u201d.\u00a0<\/p><\/blockquote>\n\n\n\n<p>Se manifestaron en las afueras de las instalaciones de la Comisi\u00f3n Federal de Electricidad (CFE) para exigir un alto a los constantes apagones.<\/p>\n\n\n\n<p>Reproch\u00f3 los altos cobros y los cortes de energ\u00edas puntuales de la CFE, pero a cambio no brinda el servicio de excelencia que presume.<\/p>\n\n\n\n<blockquote class=\"wp-block-quote is-layout-flow wp-block-quote-is-layout-flow\"><p>\u201c<em>Sabemos que tambi\u00e9n por la zona del h\u00edpico en Boca del R\u00edo se estuvo yendo la luz, yo creo que es un problema que si no atacamos que si no hacemos este tipo de cosas va a afectar a todo Veracruz, a todos los lugares de la zona conurbada Veracruz-Boca del R\u00edo, porque si no nos manifestamos, no va acabar esto<\/em>\u201d.<\/p><\/blockquote>\n\n\n\n<p>La falla se da sobre todo en el Coyol Secci\u00f3n cuatro. Insistieron en &nbsp;que&nbsp;hay personas enfermas que necesitan de aparatos el\u00e9ctricos.&nbsp;<\/p>\n\n\n\n<p>Los quejosos fueron atendidos por personal de la CFE.&nbsp;&nbsp;<\/p>\n","protected":false},"excerpt":{"rendered":"<p>Jes\u00fas Utrilla \/ NV Noticias Vecinos de El Coyol piden soluci\u00f3n a CFE ante los constantes apagones, pues la semana pasada hubo entre cuatro y cinco que dudaron toda la noche. Alejandra Ram\u00edrez B\u00e1ez, habitante del Coyol, dijo que se han echado a perder equipos electrodom\u00e9sticos, pero adem\u00e1s los cortes de energ\u00eda se han dado [&hellip;]<\/p>\n","protected":false},"author":8,"featured_media":98359,"comment_status":"open","ping_status":"open","sticky":false,"template":"","format":"standard","meta":{"_monsterinsights_skip_tracking":false,"_monsterinsights_sitenote_active":false,"_monsterinsights_sitenote_note":"","_monsterinsights_sitenote_category":0,"footnotes":""},"categories":[154],"tags":[1502,821,23849,503],"class_list":["post-98358","post","type-post","status-publish","format-standard","has-post-thumbnail","hentry","category-veracruz","tag-apagones","tag-cfe","tag-el-coyol","tag-manifestacion","wp-image-borders"],"amp_enabled":true,"_links":{"self":[{"href":"https:\/\/nvnoticias.mx\/index.php\/wp-json\/wp\/v2\/posts\/98358","targetHints":{"allow":["GET"]}}],"collection":[{"href":"https:\/\/nvnoticias.mx\/index.php\/wp-json\/wp\/v2\/posts"}],"about":[{"href":"https:\/\/nvnoticias.mx\/index.php\/wp-json\/wp\/v2\/types\/post"}],"author":[{"embeddable":true,"href":"https:\/\/nvnoticias.mx\/index.php\/wp-json\/wp\/v2\/users\/8"}],"replies":[{"embeddable":true,"href":"https:\/\/nvnoticias.mx\/index.php\/wp-json\/wp\/v2\/comments?post=98358"}],"version-history":[{"count":1,"href":"https:\/\/nvnoticias.mx\/index.php\/wp-json\/wp\/v2\/posts\/98358\/revisions"}],"predecessor-version":[{"id":98360,"href":"https:\/\/nvnoticias.mx\/index.php\/wp-json\/wp\/v2\/posts\/98358\/revisions\/98360"}],"wp:featuredmedia":[{"embeddable":true,"href":"https:\/\/nvnoticias.mx\/index.php\/wp-json\/wp\/v2\/media\/98359"}],"wp:attachment":[{"href":"https:\/\/nvnoticias.mx\/index.php\/wp-json\/wp\/v2\/media?parent=98358"}],"wp:term":[{"taxonomy":"category","embeddable":true,"href":"https:\/\/nvnoticias.mx\/index.php\/wp-json\/wp\/v2\/categories?post=98358"},{"taxonomy":"post_tag","embeddable":true,"href":"https:\/\/nvnoticias.mx\/index.php\/wp-json\/wp\/v2\/tags?post=98358"}],"curies":[{"name":"wp","href":"https:\/\/api.w.org\/{rel}","templated":true}]}}