{"id":98190,"date":"2023-03-12T12:33:13","date_gmt":"2023-03-12T18:33:13","guid":{"rendered":"https:\/\/nvnoticias.mx\/?p=98190"},"modified":"2023-03-12T12:33:59","modified_gmt":"2023-03-12T18:33:59","slug":"inicia-la-rumba-en-el-beto-avila","status":"publish","type":"post","link":"https:\/\/nvnoticias.mx\/index.php\/2023\/03\/12\/inicia-la-rumba-en-el-beto-avila\/","title":{"rendered":"Inicia la rumba en el Beto \u00c1vila"},"content":{"rendered":"\n<p>\u00b7\u00a0\u00a0\u00a0\u00a0\u00a0\u00a0\u00a0Arropados con su afici\u00f3n en las gradas, este 15 de marzo iniciar\u00e1 la pretemporada de <\/p>\n\n\n\n<p>El \u00c1guila de Veracruz en el Estadio Beto \u00c1vila y posteriormente la presentaci\u00f3n de uniformes de la temporada 2023.<\/p>\n\n\n\n<p>Boca del R\u00edo, Ver.&nbsp;&nbsp;<a href=\"http:\/\/www.elaguilabeisbol.com\/\" target=\"_blank\" rel=\"noreferrer noopener\">www.elaguilabeisbol.com<\/a>&nbsp;\/ Paola R\u00edos, 12 de marzo del 2023.&nbsp; Arropados con su afici\u00f3n en las gradas, este 15 de marzo iniciar\u00e1 la pretemporada de El \u00c1guila de Veracruz en el Estadio Beto \u00c1vila, &nbsp;posteriormente la presentaci\u00f3n de los cuatro uniformes que usar\u00e1n los aguilistas en la temporada y con ello iniciar\u00e1 la rumba por el 120 aniversario de El \u00c1guila de Veracruz.<\/p>\n\n\n\n<p>Las puertas del Estadio Beto \u00c1vila se abrir\u00e1n a partir de las 5:00pm y el arranque del primer d\u00eda de pretemporada ser\u00e1 a las 6:00 pm, donde los aficionados tendr\u00e1n la oportunidad de convivir con los jugadores y a las 7:30 pm, la rumba tomar\u00e1 ritmo con el grupo veracruzano Paradoja, quienes han sido los encargados de poner el ambiente al final de los juegos en el Beto \u00c1vila.<\/p>\n\n\n\n<p>Para las 8:00 pm comenzar\u00e1 la presentaci\u00f3n de los uniformes que usar\u00e1 El Glorioso y con los cuales luchar\u00e1n en el diamante por la s\u00e9ptima estrella; estos uniformes cuentan con elementos de distintas \u00e9pocas del equipo.<\/p>\n\n\n\n<p><strong>VENTA DE BOLETOS<\/strong><\/p>\n\n\n\n<p>A partir de este lunes 13 y martes 14 de marzo inicia la preventa de boletos para abonados (AVBonos), para la serie inaugural Toros @ El \u00c1guila, el horario de lunes y martes de 11:00 am a 7:00pm y mi\u00e9rcoles 11:00 am y 2:00 pm.<\/p>\n\n\n\n<p>La venta para p\u00fablico general ser\u00e1 a partir del mi\u00e9rcoles 15 de marzo en horario de 5:00pm.<\/p>\n\n\n\n<figure class=\"wp-block-image size-large\"><img loading=\"lazy\" decoding=\"async\" width=\"842\" height=\"1024\" src=\"https:\/\/nvnoticias.mx\/wp-content\/uploads\/2023\/03\/boletos-842x1024.jpeg\" alt=\"\" class=\"wp-image-98191\" srcset=\"https:\/\/nvnoticias.mx\/wp-content\/uploads\/2023\/03\/boletos-842x1024.jpeg 842w, https:\/\/nvnoticias.mx\/wp-content\/uploads\/2023\/03\/boletos-247x300.jpeg 247w, https:\/\/nvnoticias.mx\/wp-content\/uploads\/2023\/03\/boletos-768x934.jpeg 768w, https:\/\/nvnoticias.mx\/wp-content\/uploads\/2023\/03\/boletos.jpeg 932w\" sizes=\"auto, (max-width: 842px) 100vw, 842px\" \/><\/figure>\n\n\n\n<figure class=\"wp-block-image size-large\"><img loading=\"lazy\" decoding=\"async\" width=\"842\" height=\"1024\" src=\"https:\/\/nvnoticias.mx\/wp-content\/uploads\/2023\/03\/1-842x1024.jpeg\" alt=\"\" class=\"wp-image-98192\" srcset=\"https:\/\/nvnoticias.mx\/wp-content\/uploads\/2023\/03\/1-842x1024.jpeg 842w, https:\/\/nvnoticias.mx\/wp-content\/uploads\/2023\/03\/1-247x300.jpeg 247w, https:\/\/nvnoticias.mx\/wp-content\/uploads\/2023\/03\/1-768x934.jpeg 768w, https:\/\/nvnoticias.mx\/wp-content\/uploads\/2023\/03\/1.jpeg 932w\" sizes=\"auto, (max-width: 842px) 100vw, 842px\" \/><\/figure>\n\n\n\n<p><\/p>\n","protected":false},"excerpt":{"rendered":"<p>\u00b7\u00a0\u00a0\u00a0\u00a0\u00a0\u00a0\u00a0Arropados con su afici\u00f3n en las gradas, este 15 de marzo iniciar\u00e1 la pretemporada de El \u00c1guila de Veracruz en el Estadio Beto \u00c1vila y posteriormente la presentaci\u00f3n de uniformes de la temporada 2023. Boca del R\u00edo, Ver.&nbsp;&nbsp;www.elaguilabeisbol.com&nbsp;\/ Paola R\u00edos, 12 de marzo del 2023.&nbsp; Arropados con su afici\u00f3n en las gradas, este 15 de [&hellip;]<\/p>\n","protected":false},"author":6,"featured_media":98193,"comment_status":"open","ping_status":"open","sticky":false,"template":"","format":"standard","meta":{"_monsterinsights_skip_tracking":false,"_monsterinsights_sitenote_active":false,"_monsterinsights_sitenote_note":"","_monsterinsights_sitenote_category":0,"footnotes":""},"categories":[159],"tags":[8122],"class_list":["post-98190","post","type-post","status-publish","format-standard","has-post-thumbnail","hentry","category-deportes","tag-estadio-de-beisbol-beto-avila","wp-image-borders"],"amp_enabled":true,"_links":{"self":[{"href":"https:\/\/nvnoticias.mx\/index.php\/wp-json\/wp\/v2\/posts\/98190","targetHints":{"allow":["GET"]}}],"collection":[{"href":"https:\/\/nvnoticias.mx\/index.php\/wp-json\/wp\/v2\/posts"}],"about":[{"href":"https:\/\/nvnoticias.mx\/index.php\/wp-json\/wp\/v2\/types\/post"}],"author":[{"embeddable":true,"href":"https:\/\/nvnoticias.mx\/index.php\/wp-json\/wp\/v2\/users\/6"}],"replies":[{"embeddable":true,"href":"https:\/\/nvnoticias.mx\/index.php\/wp-json\/wp\/v2\/comments?post=98190"}],"version-history":[{"count":2,"href":"https:\/\/nvnoticias.mx\/index.php\/wp-json\/wp\/v2\/posts\/98190\/revisions"}],"predecessor-version":[{"id":98195,"href":"https:\/\/nvnoticias.mx\/index.php\/wp-json\/wp\/v2\/posts\/98190\/revisions\/98195"}],"wp:featuredmedia":[{"embeddable":true,"href":"https:\/\/nvnoticias.mx\/index.php\/wp-json\/wp\/v2\/media\/98193"}],"wp:attachment":[{"href":"https:\/\/nvnoticias.mx\/index.php\/wp-json\/wp\/v2\/media?parent=98190"}],"wp:term":[{"taxonomy":"category","embeddable":true,"href":"https:\/\/nvnoticias.mx\/index.php\/wp-json\/wp\/v2\/categories?post=98190"},{"taxonomy":"post_tag","embeddable":true,"href":"https:\/\/nvnoticias.mx\/index.php\/wp-json\/wp\/v2\/tags?post=98190"}],"curies":[{"name":"wp","href":"https:\/\/api.w.org\/{rel}","templated":true}]}}