{"id":98182,"date":"2023-03-12T12:25:31","date_gmt":"2023-03-12T18:25:31","guid":{"rendered":"https:\/\/nvnoticias.mx\/?p=98182"},"modified":"2023-03-12T12:25:32","modified_gmt":"2023-03-12T18:25:32","slug":"se-manifiestan-para-respaldar-labores-del-ejercito","status":"publish","type":"post","link":"https:\/\/nvnoticias.mx\/index.php\/2023\/03\/12\/se-manifiestan-para-respaldar-labores-del-ejercito\/","title":{"rendered":"Se manifiestan para respaldar labores del Ej\u00e9rcito"},"content":{"rendered":"\n<p><strong>Jes\u00fas Utrilla |<\/strong> <strong>NV Noticias<\/strong>&nbsp;<\/p>\n\n\n\n<p>Veracruz. \u2013&nbsp;&nbsp;Ciudadanos y familiares de militares realizaron una manifestaci\u00f3n para respaldar labores del Ej\u00e9rcito Mexicano y para apoyar a los soldados que fueron detenidos por el caso de Nuevo Laredo.<\/p>\n\n\n\n<p>Clara Medina Santiago, una de las manifestantes, pidi\u00f3 que se haga valer los derechos de las fuerzas armadas.<\/p>\n\n\n\n<p>Las personas exigieron justicia por los militares que fueron detenidos tras la muerte de cinco civiles y un lesionado en Nuevo Laredo.<\/p>\n\n\n\n<blockquote class=\"wp-block-quote is-layout-flow wp-block-quote-is-layout-flow\"><p>\u201cEstamos manifest\u00e1ndonos de manera pac\u00edfica debido a los hechos que se suscitaron y que ya vimos en redes sociales por lo que estamos manifest\u00e1ndonos para que se haga valer los derechos de nuestros soldados porque siempre est\u00e1n defendi\u00e9ndonos a nosotros en cualquier desastre natural, ellos siempre son los primeros en llegar y no se nos hace justo lo que est\u00e1 sucediendo\u201d.<\/p><\/blockquote>\n\n\n\n<p>Pidieron que sean liberados los cuatro soldados que arrestaron en Nuevo Laredo.<\/p>\n\n\n\n<p>Las personas usaron ropa color verde olivo y una bandera.<\/p>\n","protected":false},"excerpt":{"rendered":"<p>Jes\u00fas Utrilla | NV Noticias&nbsp; Veracruz. \u2013&nbsp;&nbsp;Ciudadanos y familiares de militares realizaron una manifestaci\u00f3n para respaldar labores del Ej\u00e9rcito Mexicano y para apoyar a los soldados que fueron detenidos por el caso de Nuevo Laredo. Clara Medina Santiago, una de las manifestantes, pidi\u00f3 que se haga valer los derechos de las fuerzas armadas. Las personas [&hellip;]<\/p>\n","protected":false},"author":6,"featured_media":98183,"comment_status":"open","ping_status":"open","sticky":false,"template":"","format":"standard","meta":{"_monsterinsights_skip_tracking":false,"_monsterinsights_sitenote_active":false,"_monsterinsights_sitenote_note":"","_monsterinsights_sitenote_category":0,"footnotes":""},"categories":[154],"tags":[4646,503],"class_list":["post-98182","post","type-post","status-publish","format-standard","has-post-thumbnail","hentry","category-veracruz","tag-ejercito-2","tag-manifestacion","wp-image-borders"],"amp_enabled":true,"_links":{"self":[{"href":"https:\/\/nvnoticias.mx\/index.php\/wp-json\/wp\/v2\/posts\/98182","targetHints":{"allow":["GET"]}}],"collection":[{"href":"https:\/\/nvnoticias.mx\/index.php\/wp-json\/wp\/v2\/posts"}],"about":[{"href":"https:\/\/nvnoticias.mx\/index.php\/wp-json\/wp\/v2\/types\/post"}],"author":[{"embeddable":true,"href":"https:\/\/nvnoticias.mx\/index.php\/wp-json\/wp\/v2\/users\/6"}],"replies":[{"embeddable":true,"href":"https:\/\/nvnoticias.mx\/index.php\/wp-json\/wp\/v2\/comments?post=98182"}],"version-history":[{"count":1,"href":"https:\/\/nvnoticias.mx\/index.php\/wp-json\/wp\/v2\/posts\/98182\/revisions"}],"predecessor-version":[{"id":98184,"href":"https:\/\/nvnoticias.mx\/index.php\/wp-json\/wp\/v2\/posts\/98182\/revisions\/98184"}],"wp:featuredmedia":[{"embeddable":true,"href":"https:\/\/nvnoticias.mx\/index.php\/wp-json\/wp\/v2\/media\/98183"}],"wp:attachment":[{"href":"https:\/\/nvnoticias.mx\/index.php\/wp-json\/wp\/v2\/media?parent=98182"}],"wp:term":[{"taxonomy":"category","embeddable":true,"href":"https:\/\/nvnoticias.mx\/index.php\/wp-json\/wp\/v2\/categories?post=98182"},{"taxonomy":"post_tag","embeddable":true,"href":"https:\/\/nvnoticias.mx\/index.php\/wp-json\/wp\/v2\/tags?post=98182"}],"curies":[{"name":"wp","href":"https:\/\/api.w.org\/{rel}","templated":true}]}}