{"id":98112,"date":"2023-03-11T17:45:13","date_gmt":"2023-03-11T23:45:13","guid":{"rendered":"https:\/\/nvnoticias.mx\/?p=98112"},"modified":"2023-03-11T17:45:15","modified_gmt":"2023-03-11T23:45:15","slug":"volcan-merapi-entra-en-erupcion-y-cubre-varios-pueblos-de-ceniza-en-indonesia","status":"publish","type":"post","link":"https:\/\/nvnoticias.mx\/index.php\/2023\/03\/11\/volcan-merapi-entra-en-erupcion-y-cubre-varios-pueblos-de-ceniza-en-indonesia\/","title":{"rendered":"Volc\u00e1n Merapi entra en erupci\u00f3n y cubre varios pueblos de ceniza en Indonesia"},"content":{"rendered":"\n<p>El Monte Merapi, en Indonesia, uno de los volcanes m\u00e1s activos del mundo, entr\u00f3 en erupci\u00f3n el s\u00e1bado, expulsando humo y cenizas sobre los pueblos cercanos al cr\u00e1ter.<\/p>\n\n\n\n<p>Por el momento, no se han registrado v\u00edctimas, seg\u00fan inform\u00f3 la agencia indonesia de gesti\u00f3n de desastres (BNPB).<\/p>\n\n\n\n<p>Las casas y carreteras de un pueblo cercano al volc\u00e1n quedaron cubiertos de cenizas, seg\u00fan im\u00e1genes de la televisi\u00f3n local Kompas TV.<\/p>\n\n\n\n<p>El observatorio del volc\u00e1n Merapi estim\u00f3 que la nube de cenizas alcanz\u00f3 una altura de 3 mil metros por encima de la cima.<\/p>\n\n\n\n<p>Despu\u00e9s de la erupci\u00f3n, a las 12:12 horas, las autoridades establecieron una zona de restricci\u00f3n de siete kil\u00f3metros alrededor del cr\u00e1ter.<\/p>\n\n\n\n<div class=\"wp-block-image\"><figure class=\"aligncenter is-resized\"><img loading=\"lazy\" decoding=\"async\" src=\"https:\/\/cdn.milenio.com\/uploads\/media\/2023\/03\/11\/pueblos-cercanos-volcan-merapi-indonesia-1.jpeg\" alt=\"Pueblos cercanos al volc\u00e1n Merapi en Indonesia quedan cubiertos de ceniza tras erupci\u00f3n. (AFP)\" width=\"598\" height=\"399\"\/><\/figure><\/div>\n\n\n\n<p>Yulianto, un trabajador de uno de los puestos de observaci\u00f3n del Merapi, indic\u00f3 que al menos ocho pueblos cercanos al volc\u00e1n hab\u00edan sido alcanzados por las cenizas.<\/p>\n\n\n\n<p>\u200bLas autoridades indonesias elevaron el nivel de alerta del Merapi al segundo m\u00e1s alto en noviembre de 2020, despu\u00e9s de detectar actividad.<\/p>\n\n\n\n<p>El archipi\u00e9lago de Indonesia, situado en el llamado &#8220;cintur\u00f3n de fuego del Pac\u00edfico&#8221;, donde chocan varias placas tect\u00f3nicas, cuenta con cerca de 130 volcanes activos.<\/p>\n\n\n\n<p>Fuente: <a href=\"https:\/\/www.milenio.com\/internacional\/indonesia-volcan-merapi-entra-erupcion-fotos\">Milenio<\/a><\/p>\n","protected":false},"excerpt":{"rendered":"<p>El Monte Merapi, en Indonesia, uno de los volcanes m\u00e1s activos del mundo, entr\u00f3 en erupci\u00f3n el s\u00e1bado, expulsando humo y cenizas sobre los pueblos cercanos al cr\u00e1ter. Por el momento, no se han registrado v\u00edctimas, seg\u00fan inform\u00f3 la agencia indonesia de gesti\u00f3n de desastres (BNPB). Las casas y carreteras de un pueblo cercano al [&hellip;]<\/p>\n","protected":false},"author":8,"featured_media":98113,"comment_status":"open","ping_status":"open","sticky":false,"template":"","format":"standard","meta":{"_monsterinsights_skip_tracking":false,"_monsterinsights_sitenote_active":false,"_monsterinsights_sitenote_note":"","_monsterinsights_sitenote_category":0,"footnotes":""},"categories":[181],"tags":[1072,23819],"class_list":["post-98112","post","type-post","status-publish","format-standard","has-post-thumbnail","hentry","category-internacional","tag-indonesia","tag-volcan-merapi","wp-image-borders"],"amp_enabled":true,"_links":{"self":[{"href":"https:\/\/nvnoticias.mx\/index.php\/wp-json\/wp\/v2\/posts\/98112","targetHints":{"allow":["GET"]}}],"collection":[{"href":"https:\/\/nvnoticias.mx\/index.php\/wp-json\/wp\/v2\/posts"}],"about":[{"href":"https:\/\/nvnoticias.mx\/index.php\/wp-json\/wp\/v2\/types\/post"}],"author":[{"embeddable":true,"href":"https:\/\/nvnoticias.mx\/index.php\/wp-json\/wp\/v2\/users\/8"}],"replies":[{"embeddable":true,"href":"https:\/\/nvnoticias.mx\/index.php\/wp-json\/wp\/v2\/comments?post=98112"}],"version-history":[{"count":1,"href":"https:\/\/nvnoticias.mx\/index.php\/wp-json\/wp\/v2\/posts\/98112\/revisions"}],"predecessor-version":[{"id":98114,"href":"https:\/\/nvnoticias.mx\/index.php\/wp-json\/wp\/v2\/posts\/98112\/revisions\/98114"}],"wp:featuredmedia":[{"embeddable":true,"href":"https:\/\/nvnoticias.mx\/index.php\/wp-json\/wp\/v2\/media\/98113"}],"wp:attachment":[{"href":"https:\/\/nvnoticias.mx\/index.php\/wp-json\/wp\/v2\/media?parent=98112"}],"wp:term":[{"taxonomy":"category","embeddable":true,"href":"https:\/\/nvnoticias.mx\/index.php\/wp-json\/wp\/v2\/categories?post=98112"},{"taxonomy":"post_tag","embeddable":true,"href":"https:\/\/nvnoticias.mx\/index.php\/wp-json\/wp\/v2\/tags?post=98112"}],"curies":[{"name":"wp","href":"https:\/\/api.w.org\/{rel}","templated":true}]}}