{"id":98097,"date":"2023-03-11T15:42:16","date_gmt":"2023-03-11T21:42:16","guid":{"rendered":"https:\/\/nvnoticias.mx\/?p=98097"},"modified":"2023-03-11T15:42:17","modified_gmt":"2023-03-11T21:42:17","slug":"bomba-estalla-durante-ceremonia-de-periodistas-en-afganistan","status":"publish","type":"post","link":"https:\/\/nvnoticias.mx\/index.php\/2023\/03\/11\/bomba-estalla-durante-ceremonia-de-periodistas-en-afganistan\/","title":{"rendered":"Bomba estalla durante ceremonia de periodistas en Afganist\u00e1n"},"content":{"rendered":"\n<p>Una bomba estall\u00f3 el s\u00e1bado durante una ceremonia de entrega de premios a&nbsp;periodistas en la ciudad afgana de Mazar-e- Sharif, causando la muerte de al menos una persona y heridas a otras ocho, entre ellas ni\u00f1os, informaron las autoridades.<\/p>\n\n\n\n<p>El ataque ocurri\u00f3 en el centro Tabian Farhang de la ciudad, que es capital de la provincia de Balkh, mientras los periodistas se reun\u00edan para el acto a las 11:00 de la ma\u00f1ana, precis\u00f3 Mohammad Asif Waziri, el vocero policial regional nombrado por los talibanes.<\/p>\n\n\n\n<p>El portavoz del Ministerio del Interior, Abdul Nafi Takor, dijo m\u00e1s tarde que cinco periodistas y tres ni\u00f1os resultaron heridos. La explosi\u00f3n mat\u00f3 a un guardia de seguridad, precis\u00f3.<\/p>\n\n\n\n<p>El atentado se produjo dos d\u00edas despu\u00e9s de otra explosi\u00f3n registrada en la ciudad que acab\u00f3 con la vida del gobernador, Daud Muzmal, y de otras dos personas. Cuatro m\u00e1s resultaron heridas.<\/p>\n\n\n\n<p>Entre los periodistas heridos estaba Najeeb Faryad, un reportero de la televisora Aryana News que dijo que sinti\u00f3 como si algo le golpeara la espalda, seguido de un sonido ensordecedor antes de caer al piso.<\/p>\n\n\n\n<p>Hujatullah Mujadidi, quien encabeza la Asociaci\u00f3n de Periodistas Libres de Afganist\u00e1n, dijo que el centro cultural en Balkh realiz\u00f3 el evento para galardonar al personal de los medios del norte del pa\u00eds. Dijo que 14 periodistas resultaron heridos.<\/p>\n\n\n\n<p>La asociaci\u00f3n pidi\u00f3 a las autoridades que brinden m\u00e1s atenci\u00f3n a la seguridad de los periodistas en la capital y las provincias, agreg\u00f3 Mujadidi.<\/p>\n\n\n\n<blockquote class=\"wp-block-quote is-layout-flow wp-block-quote-is-layout-flow\"><p>\u201c<em>Los periodistas son la verdadera voz del pueblo afgano. Un ataque a la vida de los periodistas es un ataque a la libertad de expresi\u00f3n y al pueblo afgano<\/em>\u201d, declar\u00f3.<\/p><\/blockquote>\n\n\n\n<p>La misi\u00f3n de la ONU en Afganist\u00e1n conden\u00f3 el ataque, al que calific\u00f3 de \u201cdespreciable\u201d e \u201cinaceptable\u201d. Expres\u00f3 sus condolencias por las v\u00edctimas y la pronta recuperaci\u00f3n de los heridos. \u201cLa violencia debe cesar. Los reporteros afganos muestran un coraje inmenso y deben ser protegidos\u201d, tuite\u00f3 la misi\u00f3n de la ONU.<\/p>\n\n\n\n<p>Nadie reivindic\u00f3 de momento el ataque, pero la filial regional del grupo extremista Estado Isl\u00e1mico, conocida como Estado Isl\u00e1mico en la provincia de Joras\u00e1n, es uno de los principales rivales del Talib\u00e1n gobernante.<\/p>\n\n\n\n<p>El grupo extremista ha incrementado sus ataques en el pa\u00eds desde que los talibanes asumieron el control del pa\u00eds en agosto de 2021. Entre sus objetivos est\u00e1n las patrullas talibanas y los miembros de la minor\u00eda chi\u00ed afgana.<\/p>\n\n\n\n<p>Fuente: <a href=\"https:\/\/www.milenio.com\/internacional\/bomba-en-afganistan-durante-premiacion-de-periodistas\">Milenio<\/a><\/p>\n","protected":false},"excerpt":{"rendered":"<p>Una bomba estall\u00f3 el s\u00e1bado durante una ceremonia de entrega de premios a&nbsp;periodistas en la ciudad afgana de Mazar-e- Sharif, causando la muerte de al menos una persona y heridas a otras ocho, entre ellas ni\u00f1os, informaron las autoridades. El ataque ocurri\u00f3 en el centro Tabian Farhang de la ciudad, que es capital de la [&hellip;]<\/p>\n","protected":false},"author":8,"featured_media":98098,"comment_status":"open","ping_status":"open","sticky":false,"template":"","format":"standard","meta":{"_monsterinsights_skip_tracking":false,"_monsterinsights_sitenote_active":false,"_monsterinsights_sitenote_note":"","_monsterinsights_sitenote_category":0,"footnotes":""},"categories":[181],"tags":[2441,5719],"class_list":["post-98097","post","type-post","status-publish","format-standard","has-post-thumbnail","hentry","category-internacional","tag-afganistan","tag-bomba","wp-image-borders"],"amp_enabled":true,"_links":{"self":[{"href":"https:\/\/nvnoticias.mx\/index.php\/wp-json\/wp\/v2\/posts\/98097","targetHints":{"allow":["GET"]}}],"collection":[{"href":"https:\/\/nvnoticias.mx\/index.php\/wp-json\/wp\/v2\/posts"}],"about":[{"href":"https:\/\/nvnoticias.mx\/index.php\/wp-json\/wp\/v2\/types\/post"}],"author":[{"embeddable":true,"href":"https:\/\/nvnoticias.mx\/index.php\/wp-json\/wp\/v2\/users\/8"}],"replies":[{"embeddable":true,"href":"https:\/\/nvnoticias.mx\/index.php\/wp-json\/wp\/v2\/comments?post=98097"}],"version-history":[{"count":1,"href":"https:\/\/nvnoticias.mx\/index.php\/wp-json\/wp\/v2\/posts\/98097\/revisions"}],"predecessor-version":[{"id":98099,"href":"https:\/\/nvnoticias.mx\/index.php\/wp-json\/wp\/v2\/posts\/98097\/revisions\/98099"}],"wp:featuredmedia":[{"embeddable":true,"href":"https:\/\/nvnoticias.mx\/index.php\/wp-json\/wp\/v2\/media\/98098"}],"wp:attachment":[{"href":"https:\/\/nvnoticias.mx\/index.php\/wp-json\/wp\/v2\/media?parent=98097"}],"wp:term":[{"taxonomy":"category","embeddable":true,"href":"https:\/\/nvnoticias.mx\/index.php\/wp-json\/wp\/v2\/categories?post=98097"},{"taxonomy":"post_tag","embeddable":true,"href":"https:\/\/nvnoticias.mx\/index.php\/wp-json\/wp\/v2\/tags?post=98097"}],"curies":[{"name":"wp","href":"https:\/\/api.w.org\/{rel}","templated":true}]}}