{"id":98084,"date":"2023-03-11T14:54:09","date_gmt":"2023-03-11T20:54:09","guid":{"rendered":"https:\/\/nvnoticias.mx\/?p=98084"},"modified":"2023-03-11T14:54:09","modified_gmt":"2023-03-11T20:54:09","slug":"regidor-debe-apartarse-para-investigar-sus-acusaciones-de-supuesto-abuso-sexual-regidora-del-pri","status":"publish","type":"post","link":"https:\/\/nvnoticias.mx\/index.php\/2023\/03\/11\/regidor-debe-apartarse-para-investigar-sus-acusaciones-de-supuesto-abuso-sexual-regidora-del-pri\/","title":{"rendered":"Regidor debe apartarse para investigar sus acusaciones de supuesto abuso sexual: Regidora del PRI"},"content":{"rendered":"\n<p><strong>Jes\u00fas Utrilla \/ NV Noticias<\/strong><\/p>\n\n\n\n<p>Regidoras del PRI del Ayuntamiento de Veracruz apoyar\u00e1n a la v\u00edctima de supuesto abuso sexual por parte del regidor de Morena Sebasti\u00e1n C. <\/p>\n\n\n\n<p>Belen Palmeros Exsome, edil priista, dijo que como parte del Cabildo buscar\u00e1 a la muchacha para brindarle todo el apoyo que requiera y proceder en contra del presunto agresor. <\/p>\n\n\n\n<p>Se\u00f1al\u00f3 que no solo se puede proceder a trav\u00e9s de la Fiscal\u00eda sino tambi\u00e9n por las instituciones electorales porque se trata de un regidor en funciones. <\/p>\n\n\n\n<blockquote class=\"wp-block-quote is-layout-flow wp-block-quote-is-layout-flow\"><p>\u201c<em>Es importante apoyar a la v\u00edctima y tenemos varias instancias como Fiscal\u00eda, el Ople y otras m\u00e1s para apoyar a la v\u00edctima. El regidor debe hacerse a un lado ante las investigaciones<\/em>\u201d.<\/p><\/blockquote>\n\n\n\n<p>Exigi\u00f3 al regidor de Morena apartarse del caso y permitir que se lleven a cabo las investigaciones correspondientes. <\/p>\n\n\n\n<p>El apoyo a la joven ser\u00e1 a trav\u00e9s de las colectivas, el Instituto Municipal de las Mujeres y las instancias correspondientes. <\/p>\n\n\n\n<blockquote class=\"wp-block-quote is-layout-flow wp-block-quote-is-layout-flow\"><p>\u201c<em>Tenemos la Ley 3 de 3 y hay que seguir las cosas al pie de la letra. Dejar de tener gente que violenta en posiciones de poder. La v\u00edctima est\u00e1 en desventaja porque el que tiene el poder es \u00e9l. No importa si fue hace mucho se tiene que actuar. Por el tiempo que tiene s\u00ed va a ser complicado, pero el regidor debe actuar por \u00e9tica. Que se lleve la investigaci\u00f3n como debe ser<\/em>\u201d.<\/p><\/blockquote>\n\n\n\n<p>Cabe recordar que una joven denunci\u00f3 en redes sociales haber sido v\u00edctima de abuso sexual supuestamente cometido por el regidor de Morena Sebasti\u00e1n C, cuando ambos eran estudiantes de la Facultad de Ciencias de la Comunicaci\u00f3n de la UV.<\/p>\n","protected":false},"excerpt":{"rendered":"<p>Jes\u00fas Utrilla \/ NV Noticias Regidoras del PRI del Ayuntamiento de Veracruz apoyar\u00e1n a la v\u00edctima de supuesto abuso sexual por parte del regidor de Morena Sebasti\u00e1n C. Belen Palmeros Exsome, edil priista, dijo que como parte del Cabildo buscar\u00e1 a la muchacha para brindarle todo el apoyo que requiera y proceder en contra del [&hellip;]<\/p>\n","protected":false},"author":8,"featured_media":98085,"comment_status":"open","ping_status":"open","sticky":false,"template":"","format":"standard","meta":{"_monsterinsights_skip_tracking":false,"_monsterinsights_sitenote_active":false,"_monsterinsights_sitenote_note":"","_monsterinsights_sitenote_category":0,"footnotes":""},"categories":[154],"tags":[657,252,208,3008],"class_list":["post-98084","post","type-post","status-publish","format-standard","has-post-thumbnail","hentry","category-veracruz","tag-abuso-sexual","tag-morena","tag-pri","tag-regidor","wp-image-borders"],"amp_enabled":true,"_links":{"self":[{"href":"https:\/\/nvnoticias.mx\/index.php\/wp-json\/wp\/v2\/posts\/98084","targetHints":{"allow":["GET"]}}],"collection":[{"href":"https:\/\/nvnoticias.mx\/index.php\/wp-json\/wp\/v2\/posts"}],"about":[{"href":"https:\/\/nvnoticias.mx\/index.php\/wp-json\/wp\/v2\/types\/post"}],"author":[{"embeddable":true,"href":"https:\/\/nvnoticias.mx\/index.php\/wp-json\/wp\/v2\/users\/8"}],"replies":[{"embeddable":true,"href":"https:\/\/nvnoticias.mx\/index.php\/wp-json\/wp\/v2\/comments?post=98084"}],"version-history":[{"count":1,"href":"https:\/\/nvnoticias.mx\/index.php\/wp-json\/wp\/v2\/posts\/98084\/revisions"}],"predecessor-version":[{"id":98086,"href":"https:\/\/nvnoticias.mx\/index.php\/wp-json\/wp\/v2\/posts\/98084\/revisions\/98086"}],"wp:featuredmedia":[{"embeddable":true,"href":"https:\/\/nvnoticias.mx\/index.php\/wp-json\/wp\/v2\/media\/98085"}],"wp:attachment":[{"href":"https:\/\/nvnoticias.mx\/index.php\/wp-json\/wp\/v2\/media?parent=98084"}],"wp:term":[{"taxonomy":"category","embeddable":true,"href":"https:\/\/nvnoticias.mx\/index.php\/wp-json\/wp\/v2\/categories?post=98084"},{"taxonomy":"post_tag","embeddable":true,"href":"https:\/\/nvnoticias.mx\/index.php\/wp-json\/wp\/v2\/tags?post=98084"}],"curies":[{"name":"wp","href":"https:\/\/api.w.org\/{rel}","templated":true}]}}