{"id":98029,"date":"2023-03-10T15:49:34","date_gmt":"2023-03-10T21:49:34","guid":{"rendered":"https:\/\/nvnoticias.mx\/?p=98029"},"modified":"2023-03-10T15:49:35","modified_gmt":"2023-03-10T21:49:35","slug":"alumnas-del-cetmar-se-manifiestan-y-acusan-acoso-de-maestros","status":"publish","type":"post","link":"https:\/\/nvnoticias.mx\/index.php\/2023\/03\/10\/alumnas-del-cetmar-se-manifiestan-y-acusan-acoso-de-maestros\/","title":{"rendered":"Alumnas del  CETMAR se manifiestan y  acusan acoso de maestros"},"content":{"rendered":"\n<p><strong>Jes\u00fas Utrilla \/ NV Noticias<\/strong><\/p>\n\n\n\n<p>Alumnas del Centro de Estudios Tecnol\u00f3gicos del Mar, se manifestaron al exterior del plantel para acusar acoso por parte de algunos maestros.<\/p>\n\n\n\n<p>El grupo de j\u00f3venes fue respaldado tambi\u00e9n por feministas, quienes exigieron a la Direcci\u00f3n investigar el hostigamiento que supuestamente sufren al interior de la escuela.<\/p>\n\n\n\n<p>Gritaron varias consignas a trav\u00e9s de altavoces, pero adem\u00e1s hicieron se\u00f1alamientos directos en contra de algunos profesores. Incluso gritaron los nombres y apellidos de varios de ellos a quienes exigieron que salieran del plantel a dar la cara ante los medios de comunicaci\u00f3n.<\/p>\n\n\n\n<p>Las estudiantes dijeron que tienen varios meses sufriendo el problema y que nadie les hizo caso, por lo que decidieron hacerlo p\u00fablico para que se tomen cartas en el asunto.<\/p>\n\n\n\n<p>Las mujeres trataron de forzar la entrada, ya que ante la manifestaci\u00f3n cerraron la escuela, sin embargo, no pudieron ingresar.<\/p>\n\n\n\n<p>Cabe mencionar que al inicio la manifestaci\u00f3n fue pac\u00edfica, pero despu\u00e9s cerraron la avenida General Figueroa.<\/p>\n\n\n\n<p>Luego de la manifestaci\u00f3n pintaron las manos rojas y moradas en los portones y parte de las instalaciones.<\/p>\n","protected":false},"excerpt":{"rendered":"<p>Jes\u00fas Utrilla \/ NV Noticias Alumnas del Centro de Estudios Tecnol\u00f3gicos del Mar, se manifestaron al exterior del plantel para acusar acoso por parte de algunos maestros. El grupo de j\u00f3venes fue respaldado tambi\u00e9n por feministas, quienes exigieron a la Direcci\u00f3n investigar el hostigamiento que supuestamente sufren al interior de la escuela. Gritaron varias consignas [&hellip;]<\/p>\n","protected":false},"author":8,"featured_media":98032,"comment_status":"open","ping_status":"open","sticky":false,"template":"","format":"standard","meta":{"_monsterinsights_skip_tracking":false,"_monsterinsights_sitenote_active":false,"_monsterinsights_sitenote_note":"","_monsterinsights_sitenote_category":0,"footnotes":""},"categories":[154],"tags":[4604,11776,19850,503],"class_list":["post-98029","post","type-post","status-publish","format-standard","has-post-thumbnail","hentry","category-veracruz","tag-acoso","tag-alumnas","tag-cetmar","tag-manifestacion","wp-image-borders"],"amp_enabled":true,"_links":{"self":[{"href":"https:\/\/nvnoticias.mx\/index.php\/wp-json\/wp\/v2\/posts\/98029","targetHints":{"allow":["GET"]}}],"collection":[{"href":"https:\/\/nvnoticias.mx\/index.php\/wp-json\/wp\/v2\/posts"}],"about":[{"href":"https:\/\/nvnoticias.mx\/index.php\/wp-json\/wp\/v2\/types\/post"}],"author":[{"embeddable":true,"href":"https:\/\/nvnoticias.mx\/index.php\/wp-json\/wp\/v2\/users\/8"}],"replies":[{"embeddable":true,"href":"https:\/\/nvnoticias.mx\/index.php\/wp-json\/wp\/v2\/comments?post=98029"}],"version-history":[{"count":1,"href":"https:\/\/nvnoticias.mx\/index.php\/wp-json\/wp\/v2\/posts\/98029\/revisions"}],"predecessor-version":[{"id":98033,"href":"https:\/\/nvnoticias.mx\/index.php\/wp-json\/wp\/v2\/posts\/98029\/revisions\/98033"}],"wp:featuredmedia":[{"embeddable":true,"href":"https:\/\/nvnoticias.mx\/index.php\/wp-json\/wp\/v2\/media\/98032"}],"wp:attachment":[{"href":"https:\/\/nvnoticias.mx\/index.php\/wp-json\/wp\/v2\/media?parent=98029"}],"wp:term":[{"taxonomy":"category","embeddable":true,"href":"https:\/\/nvnoticias.mx\/index.php\/wp-json\/wp\/v2\/categories?post=98029"},{"taxonomy":"post_tag","embeddable":true,"href":"https:\/\/nvnoticias.mx\/index.php\/wp-json\/wp\/v2\/tags?post=98029"}],"curies":[{"name":"wp","href":"https:\/\/api.w.org\/{rel}","templated":true}]}}