{"id":97986,"date":"2023-03-10T14:30:33","date_gmt":"2023-03-10T20:30:33","guid":{"rendered":"https:\/\/nvnoticias.mx\/?p=97986"},"modified":"2023-03-10T14:30:34","modified_gmt":"2023-03-10T20:30:34","slug":"asegura-eu-que-mexico-reconoce-que-el-fentanilo-es-un-problema-en-el-pais","status":"publish","type":"post","link":"https:\/\/nvnoticias.mx\/index.php\/2023\/03\/10\/asegura-eu-que-mexico-reconoce-que-el-fentanilo-es-un-problema-en-el-pais\/","title":{"rendered":"Asegura EU que M\u00e9xico reconoce que el fentanilo es un problema en el pa\u00eds"},"content":{"rendered":"\n<p><strong>El embajador de Estados Unidos (EU) en M\u00e9xico, Ken Salazar, asegur\u00f3 este viernes que el Gobierno mexicano reconoci\u00f3 que el fentanilo tambi\u00e9n es un problema en M\u00e9xico, pese a que el presidente Andr\u00e9s Manuel L\u00f3pez Obrador lo negara el pasado jueves.<\/strong><\/p>\n\n\n\n<blockquote class=\"wp-block-quote is-layout-flow wp-block-quote-is-layout-flow\"><p>\u201cEn nuestras conversaciones puedo decir que hay reconocimiento de que el fentanilo es un problema en M\u00e9xico\u201d, dijo Salazar en una conferencia de prensa celebrada en su residencia.<\/p><\/blockquote>\n\n\n\n<p>El presidente mexicano, por el contrario, asegur\u00f3 el pasado jueves que en M\u00e9xico ni se produce ni se consume fentanilo y se\u00f1al\u00f3 que es responsabilidad de Estados Unidos atajar el tr\u00e1fico il\u00edcito de esta sustancia.<\/p>\n\n\n\n<blockquote class=\"wp-block-quote is-layout-flow wp-block-quote-is-layout-flow\"><p>\u201cAqu\u00ed nosotros no producimos fentanilo, no tenemos consumo de fentanilo. Y lamentamos mucho lo que est\u00e1 pasando en Estados Unidos, pero \u00bfpor qu\u00e9 ellos no atienden el problema? \u00bfPor qu\u00e9 no combaten la distribuci\u00f3n de fentanilo en Estados Unidos?\u201d, reproch\u00f3 L\u00f3pez Obrador en su rueda de prensa matutina.<\/p><\/blockquote>\n\n\n\n<p>Salazar, sin embargo, asegur\u00f3 que M\u00e9xico reconoce que este opioide sint\u00e9tico, fabricado por c\u00e1rteles mexicanos con qu\u00edmicos de China, llega hasta Estados Unidos, donde ha causado cientos de miles de muertes, a trav\u00e9s de la frontera.<\/p>\n\n\n\n<blockquote class=\"wp-block-quote is-layout-flow wp-block-quote-is-layout-flow\"><p>\u201cSe reconoce que mucho del fentanilo que entra en los Estados Unidos es tra\u00eddo por ciudadanos americanos (estadounidenses) cuando pasan la frontera\u201d, reconoci\u00f3 el embajador.<\/p><\/blockquote>\n\n\n\n<p>No obstante, tambi\u00e9n dijo que las fuerzas de seguridad mexicanas tienen como prioridad combatir la entrada de los precursores qu\u00edmicos al pa\u00eds y la proliferaci\u00f3n de laboratorios en los que se elabora la droga.<\/p>\n\n\n\n<p>\u201cLos qu\u00edmicos est\u00e1n llegando a Estados Unidos, que muchas veces vienen de China y de India. Tenemos que estar unidos Estados Unidos y M\u00e9xico contra estos qu\u00edmicos y otros\u201d, exhort\u00f3 Salazar.<\/p>\n\n\n\n<p>Este cruce de declaraciones se da en medio de la pol\u00e9mica desatada por el secuestro de cuatro estadounidenses en la ciudad fronteriza de Matamoros (Tamaulipas), de los que dos fueron asesinados, y la consecuente propuesta del partido republicano de Estados Unidos de declarar la guerra a los c\u00e1rteles y designarlos como terroristas.<\/p>\n\n\n\n<p>El pasado jueves, la encargada de la Casa Blanca contra el fentanilo, Elizabeth Sherwood-Randall, se reuni\u00f3 en Ciudad de M\u00e9xico con autoridades mexicanas, en un encuentro en el que el canciller mexicano, Marcelo Ebrard, neg\u00f3 que hubiese reclamos por parte de Estados Unidos.<\/p>\n\n\n\n<p>Por el contrario, Ebrard destac\u00f3 que M\u00e9xico ha incautado m\u00e1s de seis toneladas de fentanilo, lo que ha evitado \u201cmiles de muertes en Estados Unidos\u201d.<\/p>\n\n\n\n<p>Est\u00e1 previsto que ambas delegaciones se vuelvan a reunir en abril en Washington para seguir debatiendo c\u00f3mo combatir el tr\u00e1fico de fentanilo.<\/p>\n\n\n\n<p>Por el momento, acordaron iniciar una campa\u00f1a binacional para concienciar a j\u00f3venes y sus familias de los peligros de este opioide.<\/p>\n\n\n\n<blockquote class=\"wp-block-quote is-layout-flow wp-block-quote-is-layout-flow\"><p>\u201cVamos a fortalecer de maneras operativas, de recursos, el esfuerzo contra el fentanilo y la delincuencia que nos trae ese problema a los Estados Unidos y a M\u00e9xico\u201d, zanj\u00f3 el embajador.<\/p><\/blockquote>\n\n\n\n<p>Fuente: <a href=\"https:\/\/www.forbes.com.mx\/eu-asegura-que-mexico-reconoce-que-el-fentanilo-es-un-problema-en-el-pais\/\" data-type=\"URL\" data-id=\"https:\/\/www.forbes.com.mx\/eu-asegura-que-mexico-reconoce-que-el-fentanilo-es-un-problema-en-el-pais\/\">Forbes<\/a> <\/p>\n","protected":false},"excerpt":{"rendered":"<p>El embajador de Estados Unidos (EU) en M\u00e9xico, Ken Salazar, asegur\u00f3 este viernes que el Gobierno mexicano reconoci\u00f3 que el fentanilo tambi\u00e9n es un problema en M\u00e9xico, pese a que el presidente Andr\u00e9s Manuel L\u00f3pez Obrador lo negara el pasado jueves. \u201cEn nuestras conversaciones puedo decir que hay reconocimiento de que el fentanilo es un [&hellip;]<\/p>\n","protected":false},"author":35,"featured_media":55532,"comment_status":"open","ping_status":"open","sticky":false,"template":"","format":"standard","meta":{"_monsterinsights_skip_tracking":false,"_monsterinsights_sitenote_active":false,"_monsterinsights_sitenote_note":"","_monsterinsights_sitenote_category":0,"footnotes":""},"categories":[157],"tags":[7328,183,7270,292,5203,14412,8979],"class_list":["post-97986","post","type-post","status-publish","format-standard","has-post-thumbnail","hentry","category-nacional","tag-asegura","tag-estados-unidos","tag-fentanilo","tag-mexico","tag-pais","tag-problema","tag-reconoce","wp-image-borders"],"amp_enabled":true,"_links":{"self":[{"href":"https:\/\/nvnoticias.mx\/index.php\/wp-json\/wp\/v2\/posts\/97986","targetHints":{"allow":["GET"]}}],"collection":[{"href":"https:\/\/nvnoticias.mx\/index.php\/wp-json\/wp\/v2\/posts"}],"about":[{"href":"https:\/\/nvnoticias.mx\/index.php\/wp-json\/wp\/v2\/types\/post"}],"author":[{"embeddable":true,"href":"https:\/\/nvnoticias.mx\/index.php\/wp-json\/wp\/v2\/users\/35"}],"replies":[{"embeddable":true,"href":"https:\/\/nvnoticias.mx\/index.php\/wp-json\/wp\/v2\/comments?post=97986"}],"version-history":[{"count":4,"href":"https:\/\/nvnoticias.mx\/index.php\/wp-json\/wp\/v2\/posts\/97986\/revisions"}],"predecessor-version":[{"id":97990,"href":"https:\/\/nvnoticias.mx\/index.php\/wp-json\/wp\/v2\/posts\/97986\/revisions\/97990"}],"wp:featuredmedia":[{"embeddable":true,"href":"https:\/\/nvnoticias.mx\/index.php\/wp-json\/wp\/v2\/media\/55532"}],"wp:attachment":[{"href":"https:\/\/nvnoticias.mx\/index.php\/wp-json\/wp\/v2\/media?parent=97986"}],"wp:term":[{"taxonomy":"category","embeddable":true,"href":"https:\/\/nvnoticias.mx\/index.php\/wp-json\/wp\/v2\/categories?post=97986"},{"taxonomy":"post_tag","embeddable":true,"href":"https:\/\/nvnoticias.mx\/index.php\/wp-json\/wp\/v2\/tags?post=97986"}],"curies":[{"name":"wp","href":"https:\/\/api.w.org\/{rel}","templated":true}]}}