{"id":97928,"date":"2023-03-10T12:57:32","date_gmt":"2023-03-10T18:57:32","guid":{"rendered":"https:\/\/nvnoticias.mx\/?p=97928"},"modified":"2023-03-10T12:57:34","modified_gmt":"2023-03-10T18:57:34","slug":"cardenistas-exige-alto-a-apagones-electricos-y-tarifas-justas","status":"publish","type":"post","link":"https:\/\/nvnoticias.mx\/index.php\/2023\/03\/10\/cardenistas-exige-alto-a-apagones-electricos-y-tarifas-justas\/","title":{"rendered":"Cardenistas exige alto a apagones el\u00e9ctricos y tarifas justas"},"content":{"rendered":"\n<p><strong>Jes\u00fas Utrilla | NV Noticias<\/strong><\/p>\n\n\n\n<p>Integrantes de la Asociaci\u00f3n Estatal Cardenista marcharon por la avenida Salvador D\u00edaz Mir\u00f3n para exigir que Comisi\u00f3n Federal de Electricidad que brinde un buen servicio y se ponga un alto a los apagones.<\/p>\n\n\n\n<p>El grupo de personas lleg\u00f3 hasta las oficinas de la Comisi\u00f3n Federal de Electricidad ubicadas en la misma avenida, para pedir que se haga algo sobre las fallas constantes en la zona conurbada Veracruz- Boca del R\u00edo.<\/p>\n\n\n\n<p>Marcos Bernal Patlani, presidente estatal del organismo, dijo que tambi\u00e9n se requieren tarifas justas, pues se avecina la \u00e9poca de mayor calor.<\/p>\n\n\n\n<blockquote class=\"wp-block-quote is-layout-flow wp-block-quote-is-layout-flow\"><p>\u201cEstamos manifestando nuestra inconformidad sobre los apagones en la zona conurbada que afecta a los ciudadanos de la zona conurbada. Estamos organizados de manera pac\u00edfica y ordenada porque las fallas son en diferentes puntos de Veracruz\u201d.<\/p><\/blockquote>\n\n\n\n<blockquote class=\"wp-block-quote is-layout-flow wp-block-quote-is-layout-flow\"><p>\u201cLos aparatos electrodom\u00e9sticos son lo primero que salen afectados en los apagones. Queremos dejar una solicitud de audiencia con el superintendente de la zona para ver esos temas y que haya mejoras\u201d.<\/p><\/blockquote>\n\n\n\n<p>Aclar\u00f3 que la afectaci\u00f3n de los apagones es para los usuarios en general no solo para los integrantes de la agrupaci\u00f3n Cardenista.<\/p>\n","protected":false},"excerpt":{"rendered":"<p>Jes\u00fas Utrilla | NV Noticias Integrantes de la Asociaci\u00f3n Estatal Cardenista marcharon por la avenida Salvador D\u00edaz Mir\u00f3n para exigir que Comisi\u00f3n Federal de Electricidad que brinde un buen servicio y se ponga un alto a los apagones. El grupo de personas lleg\u00f3 hasta las oficinas de la Comisi\u00f3n Federal de Electricidad ubicadas en la [&hellip;]<\/p>\n","protected":false},"author":7,"featured_media":97944,"comment_status":"open","ping_status":"open","sticky":false,"template":"","format":"standard","meta":{"_monsterinsights_skip_tracking":false,"_monsterinsights_sitenote_active":false,"_monsterinsights_sitenote_note":"","_monsterinsights_sitenote_category":0,"footnotes":""},"categories":[154],"tags":[1502,626,1050],"class_list":["post-97928","post","type-post","status-publish","format-standard","has-post-thumbnail","hentry","category-veracruz","tag-apagones","tag-cardenistas","tag-tarifas","wp-image-borders"],"amp_enabled":true,"_links":{"self":[{"href":"https:\/\/nvnoticias.mx\/index.php\/wp-json\/wp\/v2\/posts\/97928","targetHints":{"allow":["GET"]}}],"collection":[{"href":"https:\/\/nvnoticias.mx\/index.php\/wp-json\/wp\/v2\/posts"}],"about":[{"href":"https:\/\/nvnoticias.mx\/index.php\/wp-json\/wp\/v2\/types\/post"}],"author":[{"embeddable":true,"href":"https:\/\/nvnoticias.mx\/index.php\/wp-json\/wp\/v2\/users\/7"}],"replies":[{"embeddable":true,"href":"https:\/\/nvnoticias.mx\/index.php\/wp-json\/wp\/v2\/comments?post=97928"}],"version-history":[{"count":1,"href":"https:\/\/nvnoticias.mx\/index.php\/wp-json\/wp\/v2\/posts\/97928\/revisions"}],"predecessor-version":[{"id":97949,"href":"https:\/\/nvnoticias.mx\/index.php\/wp-json\/wp\/v2\/posts\/97928\/revisions\/97949"}],"wp:featuredmedia":[{"embeddable":true,"href":"https:\/\/nvnoticias.mx\/index.php\/wp-json\/wp\/v2\/media\/97944"}],"wp:attachment":[{"href":"https:\/\/nvnoticias.mx\/index.php\/wp-json\/wp\/v2\/media?parent=97928"}],"wp:term":[{"taxonomy":"category","embeddable":true,"href":"https:\/\/nvnoticias.mx\/index.php\/wp-json\/wp\/v2\/categories?post=97928"},{"taxonomy":"post_tag","embeddable":true,"href":"https:\/\/nvnoticias.mx\/index.php\/wp-json\/wp\/v2\/tags?post=97928"}],"curies":[{"name":"wp","href":"https:\/\/api.w.org\/{rel}","templated":true}]}}