{"id":97912,"date":"2023-03-10T12:11:16","date_gmt":"2023-03-10T18:11:16","guid":{"rendered":"https:\/\/nvnoticias.mx\/?p=97912"},"modified":"2023-03-10T12:11:16","modified_gmt":"2023-03-10T18:11:16","slug":"realizan-la-feria-del-empleo-de-la-mujer-en-el-zocalo-de-veracruz","status":"publish","type":"post","link":"https:\/\/nvnoticias.mx\/index.php\/2023\/03\/10\/realizan-la-feria-del-empleo-de-la-mujer-en-el-zocalo-de-veracruz\/","title":{"rendered":"Realizan la Feria del Empleo de la Mujer en el z\u00f3calo de Veracruz"},"content":{"rendered":"\n<p><strong>Jes\u00fas Utrilla \/ NV Noticias<\/strong><\/p>\n\n\n\n<p>Este viernes se lleva a cabo la Feria del Empleo para la Mujer en el z\u00f3calo de Veracruz. Se est\u00e1n ofertando 300 vacantes para diversos perfiles y los m\u00f3dulos permanecer\u00e1n hasta las 2 de la tarde.<\/p>\n\n\n\n<p>La alcaldesa Patricia Lobeira Rodr\u00edguez encabez\u00f3 la Feria del Empleo en el z\u00f3calo y exhort\u00f3 a las compa\u00f1\u00edas a ser m\u00e1s flexibles con los horarios para ellas y mejorar las condiciones laborales de la porte\u00f1as. <\/p>\n\n\n\n<p>En el evento participan 20 compa\u00f1\u00eda que estar\u00e1n hasta las 2 de la tarde en el z\u00f3calo de Veracruz. Se trata de compa\u00f1\u00edas de diferentes giros quienes participan ofreciendo empleo a las mujeres porte\u00f1as.<\/p>\n\n\n\n<p>Dijo que tanto la jornada laboral como la brigada de salud que se efectu\u00f3 el jueves se repetir\u00e1n en diferentes puntos de la ciudad ya que a las mujeres se les debe impulsar todo el a\u00f1o y no solo en marzo.<\/p>\n\n\n\n<blockquote class=\"wp-block-quote is-layout-flow wp-block-quote-is-layout-flow\"><p>\u201c<em>Queremos repetir las ferias laborales y de la salud. A trav\u00e9s de estas actividades recordamos que es importante que nos hagamos estudios<\/em>\u201d.<\/p><\/blockquote>\n\n\n\n<p>Finalmente lament\u00f3 el fallecimiento del empresario Antonio Chedraui Mafud a quien consider\u00f3 un hombre valioso y querido por todos.<\/p>\n\n\n\n<blockquote class=\"wp-block-quote is-layout-flow wp-block-quote-is-layout-flow\"><p>\u201c<em>Ha sido una noticia muy triste para Veracruz y para todo el estado<\/em>\u201d.<\/p><\/blockquote>\n\n\n\n<p>La presidenta municipal reiter\u00f3 el compromiso de su gobierno por seguir trabajando.<\/p>\n","protected":false},"excerpt":{"rendered":"<p>Jes\u00fas Utrilla \/ NV Noticias Este viernes se lleva a cabo la Feria del Empleo para la Mujer en el z\u00f3calo de Veracruz. Se est\u00e1n ofertando 300 vacantes para diversos perfiles y los m\u00f3dulos permanecer\u00e1n hasta las 2 de la tarde. La alcaldesa Patricia Lobeira Rodr\u00edguez encabez\u00f3 la Feria del Empleo en el z\u00f3calo y [&hellip;]<\/p>\n","protected":false},"author":8,"featured_media":97913,"comment_status":"open","ping_status":"open","sticky":false,"template":"","format":"standard","meta":{"_monsterinsights_skip_tracking":false,"_monsterinsights_sitenote_active":false,"_monsterinsights_sitenote_note":"","_monsterinsights_sitenote_category":0,"footnotes":""},"categories":[154],"tags":[23799,1368],"class_list":["post-97912","post","type-post","status-publish","format-standard","has-post-thumbnail","hentry","category-veracruz","tag-feria-del-empleo-de-la-mujer","tag-zocalo-de-veracruz","wp-image-borders"],"amp_enabled":true,"_links":{"self":[{"href":"https:\/\/nvnoticias.mx\/index.php\/wp-json\/wp\/v2\/posts\/97912","targetHints":{"allow":["GET"]}}],"collection":[{"href":"https:\/\/nvnoticias.mx\/index.php\/wp-json\/wp\/v2\/posts"}],"about":[{"href":"https:\/\/nvnoticias.mx\/index.php\/wp-json\/wp\/v2\/types\/post"}],"author":[{"embeddable":true,"href":"https:\/\/nvnoticias.mx\/index.php\/wp-json\/wp\/v2\/users\/8"}],"replies":[{"embeddable":true,"href":"https:\/\/nvnoticias.mx\/index.php\/wp-json\/wp\/v2\/comments?post=97912"}],"version-history":[{"count":1,"href":"https:\/\/nvnoticias.mx\/index.php\/wp-json\/wp\/v2\/posts\/97912\/revisions"}],"predecessor-version":[{"id":97914,"href":"https:\/\/nvnoticias.mx\/index.php\/wp-json\/wp\/v2\/posts\/97912\/revisions\/97914"}],"wp:featuredmedia":[{"embeddable":true,"href":"https:\/\/nvnoticias.mx\/index.php\/wp-json\/wp\/v2\/media\/97913"}],"wp:attachment":[{"href":"https:\/\/nvnoticias.mx\/index.php\/wp-json\/wp\/v2\/media?parent=97912"}],"wp:term":[{"taxonomy":"category","embeddable":true,"href":"https:\/\/nvnoticias.mx\/index.php\/wp-json\/wp\/v2\/categories?post=97912"},{"taxonomy":"post_tag","embeddable":true,"href":"https:\/\/nvnoticias.mx\/index.php\/wp-json\/wp\/v2\/tags?post=97912"}],"curies":[{"name":"wp","href":"https:\/\/api.w.org\/{rel}","templated":true}]}}