{"id":97844,"date":"2023-03-10T09:51:21","date_gmt":"2023-03-10T15:51:21","guid":{"rendered":"https:\/\/nvnoticias.mx\/?p=97844"},"modified":"2023-03-10T10:35:40","modified_gmt":"2023-03-10T16:35:40","slug":"fallece-el-empresario-veracruzano-antonio-chedraui-mafud","status":"publish","type":"post","link":"https:\/\/nvnoticias.mx\/index.php\/2023\/03\/10\/fallece-el-empresario-veracruzano-antonio-chedraui-mafud\/","title":{"rendered":"Fallece el empresario veracruzano, Antonio Chedraui Mafud"},"content":{"rendered":"\n<p><strong>Jes\u00fas Utrilla \/ NV Noticias<\/strong><\/p>\n\n\n\n<p>La ma\u00f1ana de este viernes 10 de marzo a las 5:33 hrs. falleci\u00f3 el empresario veracruzano Antonio Chedraui Mafud.<\/p>\n\n\n\n<p>En un comunicado, la familia de Chedraui Mafud comparti\u00f3 que no habr\u00e1 servicio funerario.<\/p>\n\n\n\n<blockquote class=\"wp-block-quote is-layout-flow wp-block-quote-is-layout-flow\"><p>&#8220;Nuestra familia est\u00e1 triste por tan gran p\u00e9rdida, pero tambi\u00e9n tranquilos y agradecidos con Dios por haber tenido la oportunidad de haber compartido la vida con tan gran ser humano, pedimos a Dios por su eterno descanso&#8221;, se\u00f1al\u00f3 su familia.<\/p><\/blockquote>\n\n\n\n<p>Las misas en su memoria ser\u00e1n a partir del lunes 13 a las 19:00 hrs. en la Iglesia de San Charbel en Boca del R\u00edo, Ver.<\/p>\n\n\n\n<p>Naci\u00f3 en Xalapa pero solo vivi\u00f3 3 a\u00f1os ah\u00ed, pues se mud\u00f3 a la Ciudad de M\u00e9xico y posteriormente al Puerto de Veracruz.<\/p>\n\n\n\n<p>Obtuvo el premio Mercurio 2004 por la C\u00e1mara Nacional de Comercio, Servicios y Turismo de Veracruz al hombre de negocios m\u00e1s destacado del a\u00f1o.<\/p>\n\n\n\n<p>&nbsp;&#8220;La Estrella Diamante 2013&#8221;, por el C\u00edrculo Internacional Period\u00edstico, debido a su trayectoria empresarial y labor altruista.<\/p>\n\n\n\n<p>Y el premio al empresario del a\u00f1o a nivel nacional en 2016, mismo que le fue entregado por el entonces presidente de la Rep\u00fablica Mexicana, Enrique Pe\u00f1a Nieto.<\/p>\n\n\n\n<p>Encabez\u00f3 movimientos en apoyo a la sociedad, como la Fundaci\u00f3n Tony, asociaci\u00f3n que realiza programas de prevenci\u00f3n contra las adicciones.&nbsp;<\/p>\n","protected":false},"excerpt":{"rendered":"<p>Jes\u00fas Utrilla \/ NV Noticias La ma\u00f1ana de este viernes 10 de marzo a las 5:33 hrs. falleci\u00f3 el empresario veracruzano Antonio Chedraui Mafud. En un comunicado, la familia de Chedraui Mafud comparti\u00f3 que no habr\u00e1 servicio funerario. &#8220;Nuestra familia est\u00e1 triste por tan gran p\u00e9rdida, pero tambi\u00e9n tranquilos y agradecidos con Dios por haber [&hellip;]<\/p>\n","protected":false},"author":35,"featured_media":97845,"comment_status":"open","ping_status":"open","sticky":false,"template":"","format":"standard","meta":{"_monsterinsights_skip_tracking":false,"_monsterinsights_sitenote_active":false,"_monsterinsights_sitenote_note":"","_monsterinsights_sitenote_category":0,"footnotes":""},"categories":[154],"tags":[3825,2382,2306],"class_list":["post-97844","post","type-post","status-publish","format-standard","has-post-thumbnail","hentry","category-veracruz","tag-antonio-chedraui-mafud","tag-empresario","tag-fallece","wp-image-borders"],"amp_enabled":true,"_links":{"self":[{"href":"https:\/\/nvnoticias.mx\/index.php\/wp-json\/wp\/v2\/posts\/97844","targetHints":{"allow":["GET"]}}],"collection":[{"href":"https:\/\/nvnoticias.mx\/index.php\/wp-json\/wp\/v2\/posts"}],"about":[{"href":"https:\/\/nvnoticias.mx\/index.php\/wp-json\/wp\/v2\/types\/post"}],"author":[{"embeddable":true,"href":"https:\/\/nvnoticias.mx\/index.php\/wp-json\/wp\/v2\/users\/35"}],"replies":[{"embeddable":true,"href":"https:\/\/nvnoticias.mx\/index.php\/wp-json\/wp\/v2\/comments?post=97844"}],"version-history":[{"count":2,"href":"https:\/\/nvnoticias.mx\/index.php\/wp-json\/wp\/v2\/posts\/97844\/revisions"}],"predecessor-version":[{"id":97883,"href":"https:\/\/nvnoticias.mx\/index.php\/wp-json\/wp\/v2\/posts\/97844\/revisions\/97883"}],"wp:featuredmedia":[{"embeddable":true,"href":"https:\/\/nvnoticias.mx\/index.php\/wp-json\/wp\/v2\/media\/97845"}],"wp:attachment":[{"href":"https:\/\/nvnoticias.mx\/index.php\/wp-json\/wp\/v2\/media?parent=97844"}],"wp:term":[{"taxonomy":"category","embeddable":true,"href":"https:\/\/nvnoticias.mx\/index.php\/wp-json\/wp\/v2\/categories?post=97844"},{"taxonomy":"post_tag","embeddable":true,"href":"https:\/\/nvnoticias.mx\/index.php\/wp-json\/wp\/v2\/tags?post=97844"}],"curies":[{"name":"wp","href":"https:\/\/api.w.org\/{rel}","templated":true}]}}