{"id":97796,"date":"2023-03-09T15:49:04","date_gmt":"2023-03-09T21:49:04","guid":{"rendered":"https:\/\/nvnoticias.mx\/?p=97796"},"modified":"2023-03-09T15:49:05","modified_gmt":"2023-03-09T21:49:05","slug":"repudian-academicas-de-la-unam-violencia-contra-presidenta-de-suprema-corte","status":"publish","type":"post","link":"https:\/\/nvnoticias.mx\/index.php\/2023\/03\/09\/repudian-academicas-de-la-unam-violencia-contra-presidenta-de-suprema-corte\/","title":{"rendered":"Repudian acad\u00e9micas de la UNAM violencia contra presidenta de Suprema Corte"},"content":{"rendered":"\n<p>Acad\u00e9micas de la Facultad de Derecho de la Universidad Nacional Aut\u00f3noma de M\u00e9xico (UNAM) reprobaron y pidieron cesen los\u00a0ataques en contra de la presidenta de la Suprema Corte de Justicia de la Naci\u00f3n\u00a0(SCJN), Norma Pi\u00f1a, as\u00ed como una investigaci\u00f3n en torno a las amenazas vertidas en redes sociales.<\/p>\n\n\n\n<blockquote class=\"wp-block-quote is-layout-flow wp-block-quote-is-layout-flow\"><p>\u201cDesde que la ministra Norma Luc\u00eda Pi\u00f1a Hern\u00e1ndez fue electa como la m\u00e1xima representante del Poder Judicial, ha enfrentado un clima de linchamiento p\u00fablico a partir de dichos se\u00f1alamientos sin fundamento que menoscaban la funci\u00f3n constitucional del cargo que ostenta como presidenta&#8221;, detalla el comunicado.&nbsp;<\/p><\/blockquote>\n\n\n\n<blockquote class=\"wp-block-quote is-layout-flow wp-block-quote-is-layout-flow\"><p>\u201cPor tales razones, exigimos el cese de dichos se\u00f1alamientos y reclamamos a las autoridades competentes, que se investigue a fondo qui\u00e9n o qui\u00e9nes son los autores de las amenazas que, por redes sociales, se difundieron en d\u00edas pasados en contra de la presidenta Norma Luc\u00eda Pi\u00f1a Hern\u00e1ndez\u201d, expusieron en un pronunciamiento realizado por profesoras de esta Facultad, como resultado de las actividades en el marco del D\u00eda internacional de la Mujer.<\/p><\/blockquote>\n\n\n\n<p>En el documento\u00a0<em>Del rechazo y repudio a la violencia pol\u00edtica en contra la Presidenta de la Suprema Corte de Justicia de la Naci\u00f3n<\/em>, las catedr\u00e1ticas celebraron que se haya nombrado a una mujer como presidenta del m\u00e1ximo tribunal del pa\u00eds.<\/p>\n\n\n\n<p>Adem\u00e1s,\u00a0<strong>manifestaron su total repudio y rechazo al clima de violencia pol\u00edtica<\/strong>\u00a0que se gener\u00f3 en contra de su persona y lo que ella representa, a partir del discurso de descalificaci\u00f3n, dijeron, que se propaga desde la c\u00faspide del poder pol\u00edtico.<\/p>\n\n\n\n<p>Fuente: <a href=\"https:\/\/www.milenio.com\/politica\/unam-academicas-rechazan-ataques-ministra-lucia-pina\" data-type=\"URL\" data-id=\"https:\/\/www.milenio.com\/politica\/unam-academicas-rechazan-ataques-ministra-lucia-pina\">Milenio<\/a><\/p>\n","protected":false},"excerpt":{"rendered":"<p>Acad\u00e9micas de la Facultad de Derecho de la Universidad Nacional Aut\u00f3noma de M\u00e9xico (UNAM) reprobaron y pidieron cesen los\u00a0ataques en contra de la presidenta de la Suprema Corte de Justicia de la Naci\u00f3n\u00a0(SCJN), Norma Pi\u00f1a, as\u00ed como una investigaci\u00f3n en torno a las amenazas vertidas en redes sociales. \u201cDesde que la ministra Norma Luc\u00eda Pi\u00f1a [&hellip;]<\/p>\n","protected":false},"author":35,"featured_media":88634,"comment_status":"open","ping_status":"open","sticky":false,"template":"","format":"standard","meta":{"_monsterinsights_skip_tracking":false,"_monsterinsights_sitenote_active":false,"_monsterinsights_sitenote_note":"","_monsterinsights_sitenote_category":0,"footnotes":""},"categories":[158],"tags":[23788,5459,8984,23787,5460,1889,203],"class_list":["post-97796","post","type-post","status-publish","format-standard","has-post-thumbnail","hentry","category-politica","tag-academicas","tag-contra","tag-presidenta","tag-repudian","tag-suprema-corte","tag-unam","tag-violencia","wp-image-borders"],"amp_enabled":true,"_links":{"self":[{"href":"https:\/\/nvnoticias.mx\/index.php\/wp-json\/wp\/v2\/posts\/97796","targetHints":{"allow":["GET"]}}],"collection":[{"href":"https:\/\/nvnoticias.mx\/index.php\/wp-json\/wp\/v2\/posts"}],"about":[{"href":"https:\/\/nvnoticias.mx\/index.php\/wp-json\/wp\/v2\/types\/post"}],"author":[{"embeddable":true,"href":"https:\/\/nvnoticias.mx\/index.php\/wp-json\/wp\/v2\/users\/35"}],"replies":[{"embeddable":true,"href":"https:\/\/nvnoticias.mx\/index.php\/wp-json\/wp\/v2\/comments?post=97796"}],"version-history":[{"count":1,"href":"https:\/\/nvnoticias.mx\/index.php\/wp-json\/wp\/v2\/posts\/97796\/revisions"}],"predecessor-version":[{"id":97797,"href":"https:\/\/nvnoticias.mx\/index.php\/wp-json\/wp\/v2\/posts\/97796\/revisions\/97797"}],"wp:featuredmedia":[{"embeddable":true,"href":"https:\/\/nvnoticias.mx\/index.php\/wp-json\/wp\/v2\/media\/88634"}],"wp:attachment":[{"href":"https:\/\/nvnoticias.mx\/index.php\/wp-json\/wp\/v2\/media?parent=97796"}],"wp:term":[{"taxonomy":"category","embeddable":true,"href":"https:\/\/nvnoticias.mx\/index.php\/wp-json\/wp\/v2\/categories?post=97796"},{"taxonomy":"post_tag","embeddable":true,"href":"https:\/\/nvnoticias.mx\/index.php\/wp-json\/wp\/v2\/tags?post=97796"}],"curies":[{"name":"wp","href":"https:\/\/api.w.org\/{rel}","templated":true}]}}