{"id":97786,"date":"2023-03-09T15:05:16","date_gmt":"2023-03-09T21:05:16","guid":{"rendered":"https:\/\/nvnoticias.mx\/?p=97786"},"modified":"2023-03-09T15:05:17","modified_gmt":"2023-03-09T21:05:17","slug":"a-partir-del-13-de-marzo-podras-sacar-tu-ficha-para-la-universidad-veracruzana","status":"publish","type":"post","link":"https:\/\/nvnoticias.mx\/index.php\/2023\/03\/09\/a-partir-del-13-de-marzo-podras-sacar-tu-ficha-para-la-universidad-veracruzana\/","title":{"rendered":"A partir del 13 de marzo podr\u00e1s sacar tu ficha para la Universidad Veracruzana"},"content":{"rendered":"\n<p><strong>Jes\u00fas Utrilla \/ NV Noticias<\/strong><\/p>\n\n\n\n<p>La Universidad Veracruzana public\u00f3 la convocatoria de ingreso 2023 en la que se establece que los ex\u00e1menes de admisi\u00f3n a las diferentes carreras se presentar\u00e1n del 9 al 16 de junio.<\/p>\n\n\n\n<p>Ser\u00e1n cerca de 17 mil espacios en m\u00e1s de 80 licenciaturas. Adem\u00e1s todo el proceso de registro para obtener la ficha ser\u00e1 en l\u00ednea.<\/p>\n\n\n\n<p>Aunado a ello se anunci\u00f3 que para el nuevo periodo se contar\u00e1 con cuatro nuevas carreras universitarias en la regi\u00f3n Xalapa: Ingenier\u00eda de Ciberseguridad e Infraestructura de C\u00f3mputo, Ingenier\u00eda en Sistemas y Tecnolog\u00edas de la Informaci\u00f3n, Ense\u00f1anza de Lengua y Cultura Francesas y Lengua Inglesa y did\u00e1ctica del Ingl\u00e9s.<\/p>\n\n\n\n<p>El registro al proceso de ingreso es en l\u00ednea y pueden participar aspirantes que hayan cursado el bachillerato en M\u00e9xico, o su equivalente en el extranjero.<\/p>\n\n\n\n<p>Para quien requiere m\u00e1s informaci\u00f3n sobre el proceso puede consultar el sitio web\u00a0<a rel=\"noreferrer noopener\" href=\"https:\/\/www.uv.mx\/aspirantes\/\" target=\"_blank\">https:\/\/www.uv.mx\/aspirantes\/<\/a>\u00a0y a trav\u00e9s del portal\u00a0<a rel=\"noreferrer noopener\" href=\"http:\/\/www.facebook.com\/IngresoUV\" target=\"_blank\">www.facebook.com\/IngresoUV<\/a><\/p>\n\n\n\n<p>La convocatoria de ingreso 2023 es para los niveles de Iniciaci\u00f3n, T\u00e9cnico, T\u00e9cnico Superior Universitario (TSU) y Licenciatura, en las regiones Xalapa, Veracruz, Orizaba-C\u00f3rdoba, Poza Rica-Tuxpan y Coatzacoalcos Minatitl\u00e1n.<\/p>\n\n\n\n<p>Cabe recordar que la UV ofrece alrededor de 17 mil espacios en m\u00e1s de 80 licenciaturas, en las \u00c1reas Acad\u00e9micas de Artes, Ciencias de la Salud, Econ\u00f3mico-Administrativa, Humanidades, T\u00e9cnica y Ciencias Biol\u00f3gicas y Agropecuarias.<\/p>\n","protected":false},"excerpt":{"rendered":"<p>Jes\u00fas Utrilla \/ NV Noticias La Universidad Veracruzana public\u00f3 la convocatoria de ingreso 2023 en la que se establece que los ex\u00e1menes de admisi\u00f3n a las diferentes carreras se presentar\u00e1n del 9 al 16 de junio. Ser\u00e1n cerca de 17 mil espacios en m\u00e1s de 80 licenciaturas. Adem\u00e1s todo el proceso de registro para obtener [&hellip;]<\/p>\n","protected":false},"author":8,"featured_media":58784,"comment_status":"open","ping_status":"open","sticky":false,"template":"","format":"standard","meta":{"_monsterinsights_skip_tracking":false,"_monsterinsights_sitenote_active":false,"_monsterinsights_sitenote_note":"","_monsterinsights_sitenote_category":0,"footnotes":""},"categories":[154],"tags":[286,1164],"class_list":["post-97786","post","type-post","status-publish","format-standard","has-post-thumbnail","hentry","category-veracruz","tag-convocatoria","tag-uv","wp-image-borders"],"amp_enabled":true,"_links":{"self":[{"href":"https:\/\/nvnoticias.mx\/index.php\/wp-json\/wp\/v2\/posts\/97786","targetHints":{"allow":["GET"]}}],"collection":[{"href":"https:\/\/nvnoticias.mx\/index.php\/wp-json\/wp\/v2\/posts"}],"about":[{"href":"https:\/\/nvnoticias.mx\/index.php\/wp-json\/wp\/v2\/types\/post"}],"author":[{"embeddable":true,"href":"https:\/\/nvnoticias.mx\/index.php\/wp-json\/wp\/v2\/users\/8"}],"replies":[{"embeddable":true,"href":"https:\/\/nvnoticias.mx\/index.php\/wp-json\/wp\/v2\/comments?post=97786"}],"version-history":[{"count":1,"href":"https:\/\/nvnoticias.mx\/index.php\/wp-json\/wp\/v2\/posts\/97786\/revisions"}],"predecessor-version":[{"id":97788,"href":"https:\/\/nvnoticias.mx\/index.php\/wp-json\/wp\/v2\/posts\/97786\/revisions\/97788"}],"wp:featuredmedia":[{"embeddable":true,"href":"https:\/\/nvnoticias.mx\/index.php\/wp-json\/wp\/v2\/media\/58784"}],"wp:attachment":[{"href":"https:\/\/nvnoticias.mx\/index.php\/wp-json\/wp\/v2\/media?parent=97786"}],"wp:term":[{"taxonomy":"category","embeddable":true,"href":"https:\/\/nvnoticias.mx\/index.php\/wp-json\/wp\/v2\/categories?post=97786"},{"taxonomy":"post_tag","embeddable":true,"href":"https:\/\/nvnoticias.mx\/index.php\/wp-json\/wp\/v2\/tags?post=97786"}],"curies":[{"name":"wp","href":"https:\/\/api.w.org\/{rel}","templated":true}]}}