{"id":97768,"date":"2023-03-09T14:47:31","date_gmt":"2023-03-09T20:47:31","guid":{"rendered":"https:\/\/nvnoticias.mx\/?p=97768"},"modified":"2023-03-09T14:47:32","modified_gmt":"2023-03-09T20:47:32","slug":"evita-eu-trafico-de-un-bebe-en-la-frontera-de-california-con-mexico","status":"publish","type":"post","link":"https:\/\/nvnoticias.mx\/index.php\/2023\/03\/09\/evita-eu-trafico-de-un-bebe-en-la-frontera-de-california-con-mexico\/","title":{"rendered":"Evita EU tr\u00e1fico de un beb\u00e9 en la frontera de California con M\u00e9xico"},"content":{"rendered":"\n<p>Agentes de la Patrulla Fronteriza en California evitaron un supuesto caso de&nbsp;<strong>tr\u00e1fico de ni\u00f1os<\/strong>&nbsp;cuando detuvieron a un conductor que transportaba a un beb\u00e9, del que asegur\u00f3 no saber su identidad ni hacia d\u00f3nde lo llevaba.<br>&nbsp;<br>En un comunicado, la&nbsp;<strong>Oficina de Aduanas y Protecci\u00f3n Fronteriza<\/strong>&nbsp;(CBP en Ingl\u00e9s) explic\u00f3 que los agentes asignados al punto de control de la&nbsp;<strong>Patrulla Fronteriza<\/strong>&nbsp;de San Clemente hicieron el hallazgo del beb\u00e9 cuando realizaron una&nbsp;<strong>inspecci\u00f3n de rutina<\/strong>.<br>&nbsp;<br>El conductor que viajaba solo con el beb\u00e9 lleg\u00f3 al punto de inspecci\u00f3n la madrugada del viernes pasado.<\/p>\n\n\n\n<p>El hombre fue enviado a una segunda inspecci\u00f3n, donde no pudo identificar al beb\u00e9, ni entregar ning\u00fan documento del ni\u00f1o.<\/p>\n\n\n\n<p>El sospechoso dijo que hab\u00eda recogido al beb\u00e9 en\u00a0<strong>Otay Mesa<\/strong>\u00a0(California), una ciudad fronteriza entre California y M\u00e9xico y no sab\u00eda el nombre del ni\u00f1o ni a d\u00f3nde lo llevaba.\u00a0<\/p>\n\n\n\n<p>El caso fue referido a la oficina de Investigaciones de Seguridad Nacional (HSI).\u00a0<\/p>\n\n\n\n<p>Fuente: <a href=\"https:\/\/www.eluniversal.com.mx\/mundo\/eu-evita-trafico-de-un-bebe-en-la-frontera-de-california-con-mexico\" data-type=\"URL\" data-id=\"https:\/\/www.eluniversal.com.mx\/mundo\/eu-evita-trafico-de-un-bebe-en-la-frontera-de-california-con-mexico\">El Universal<\/a><\/p>\n","protected":false},"excerpt":{"rendered":"<p>Agentes de la Patrulla Fronteriza en California evitaron un supuesto caso de&nbsp;tr\u00e1fico de ni\u00f1os&nbsp;cuando detuvieron a un conductor que transportaba a un beb\u00e9, del que asegur\u00f3 no saber su identidad ni hacia d\u00f3nde lo llevaba.&nbsp;En un comunicado, la&nbsp;Oficina de Aduanas y Protecci\u00f3n Fronteriza&nbsp;(CBP en Ingl\u00e9s) explic\u00f3 que los agentes asignados al punto de control de [&hellip;]<\/p>\n","protected":false},"author":35,"featured_media":1821,"comment_status":"open","ping_status":"open","sticky":false,"template":"","format":"standard","meta":{"_monsterinsights_skip_tracking":false,"_monsterinsights_sitenote_active":false,"_monsterinsights_sitenote_note":"","_monsterinsights_sitenote_category":0,"footnotes":""},"categories":[181],"tags":[2340,183,10313,1270,292,4986],"class_list":["post-97768","post","type-post","status-publish","format-standard","has-post-thumbnail","hentry","category-internacional","tag-bebe","tag-estados-unidos","tag-evita","tag-frontera","tag-mexico","tag-trafico","wp-image-borders"],"amp_enabled":true,"_links":{"self":[{"href":"https:\/\/nvnoticias.mx\/index.php\/wp-json\/wp\/v2\/posts\/97768","targetHints":{"allow":["GET"]}}],"collection":[{"href":"https:\/\/nvnoticias.mx\/index.php\/wp-json\/wp\/v2\/posts"}],"about":[{"href":"https:\/\/nvnoticias.mx\/index.php\/wp-json\/wp\/v2\/types\/post"}],"author":[{"embeddable":true,"href":"https:\/\/nvnoticias.mx\/index.php\/wp-json\/wp\/v2\/users\/35"}],"replies":[{"embeddable":true,"href":"https:\/\/nvnoticias.mx\/index.php\/wp-json\/wp\/v2\/comments?post=97768"}],"version-history":[{"count":1,"href":"https:\/\/nvnoticias.mx\/index.php\/wp-json\/wp\/v2\/posts\/97768\/revisions"}],"predecessor-version":[{"id":97771,"href":"https:\/\/nvnoticias.mx\/index.php\/wp-json\/wp\/v2\/posts\/97768\/revisions\/97771"}],"wp:featuredmedia":[{"embeddable":true,"href":"https:\/\/nvnoticias.mx\/index.php\/wp-json\/wp\/v2\/media\/1821"}],"wp:attachment":[{"href":"https:\/\/nvnoticias.mx\/index.php\/wp-json\/wp\/v2\/media?parent=97768"}],"wp:term":[{"taxonomy":"category","embeddable":true,"href":"https:\/\/nvnoticias.mx\/index.php\/wp-json\/wp\/v2\/categories?post=97768"},{"taxonomy":"post_tag","embeddable":true,"href":"https:\/\/nvnoticias.mx\/index.php\/wp-json\/wp\/v2\/tags?post=97768"}],"curies":[{"name":"wp","href":"https:\/\/api.w.org\/{rel}","templated":true}]}}