{"id":97744,"date":"2023-03-09T13:21:19","date_gmt":"2023-03-09T19:21:19","guid":{"rendered":"https:\/\/nvnoticias.mx\/?p=97744"},"modified":"2023-03-09T13:21:19","modified_gmt":"2023-03-09T19:21:19","slug":"alumnas-del-instituto-veracruzano-se-manifiestan-para-denunciar-a-alumno-acosador","status":"publish","type":"post","link":"https:\/\/nvnoticias.mx\/index.php\/2023\/03\/09\/alumnas-del-instituto-veracruzano-se-manifiestan-para-denunciar-a-alumno-acosador\/","title":{"rendered":"Alumnas del Instituto Veracruzano se manifiestan para denunciar a alumno acosador"},"content":{"rendered":"\n<p><strong>Jes\u00fas Utrilla \/ NV Noticias<\/strong><\/p>\n\n\n\n<p>Alumnas del Instituto Veracruzano se manifestaron afuera del plantel para denunciar a un supuesto alumno acosador, de nombre Kevin. Dijeron que su compa\u00f1ero toc\u00f3 a tres de ellas en el sal\u00f3n de clases y las autoridades educativas no actuaron al respecto.&nbsp;<\/p>\n\n\n\n<p>Sin embargo, afirmaron que un prefecto siempre las acosa con la mirada, pues las ve a las piernas y hay&nbsp;maestros que hacen lo mismo.&nbsp;<\/p>\n\n\n\n<blockquote class=\"wp-block-quote is-layout-flow wp-block-quote-is-layout-flow\"><p>\u201c<em>De por si tengo que salir acompa\u00f1ada a tomar el cami\u00f3n para que no me pase nada y luego llegar a la escuela y cuidarme de m\u00e1s alumnos y hombres. El director apenas nos est\u00e1 escuchando.\u00a0Hay \u00a0maestros\u00a0que invitan a salir a las alumnas mandando, se llama Manuel<\/em>\u201d.\u00a0<\/p><\/blockquote>\n\n\n\n<p>Las alumnas acosadas son del grupo F y exigieron la expulsi\u00f3n de su compa\u00f1ero, pues no es la primera ocasi\u00f3n en que las toca.&nbsp;<\/p>\n\n\n\n<p>Dijeron que hay un maestro m\u00e1s que tambi\u00e9n molesta a&nbsp;las alumnas&nbsp;del cuarto&nbsp;grado&nbsp;pero la direcci\u00f3n no act\u00faa al respecto.&nbsp;<\/p>\n","protected":false},"excerpt":{"rendered":"<p>Jes\u00fas Utrilla \/ NV Noticias Alumnas del Instituto Veracruzano se manifestaron afuera del plantel para denunciar a un supuesto alumno acosador, de nombre Kevin. Dijeron que su compa\u00f1ero toc\u00f3 a tres de ellas en el sal\u00f3n de clases y las autoridades educativas no actuaron al respecto.&nbsp; Sin embargo, afirmaron que un prefecto siempre las acosa [&hellip;]<\/p>\n","protected":false},"author":8,"featured_media":97745,"comment_status":"open","ping_status":"open","sticky":false,"template":"","format":"standard","meta":{"_monsterinsights_skip_tracking":false,"_monsterinsights_sitenote_active":false,"_monsterinsights_sitenote_note":"","_monsterinsights_sitenote_category":0,"footnotes":""},"categories":[154],"tags":[18671,11776,23778,503],"class_list":["post-97744","post","type-post","status-publish","format-standard","has-post-thumbnail","hentry","category-veracruz","tag-acosos","tag-alumnas","tag-instituto-veracruzano","tag-manifestacion","wp-image-borders"],"amp_enabled":true,"_links":{"self":[{"href":"https:\/\/nvnoticias.mx\/index.php\/wp-json\/wp\/v2\/posts\/97744","targetHints":{"allow":["GET"]}}],"collection":[{"href":"https:\/\/nvnoticias.mx\/index.php\/wp-json\/wp\/v2\/posts"}],"about":[{"href":"https:\/\/nvnoticias.mx\/index.php\/wp-json\/wp\/v2\/types\/post"}],"author":[{"embeddable":true,"href":"https:\/\/nvnoticias.mx\/index.php\/wp-json\/wp\/v2\/users\/8"}],"replies":[{"embeddable":true,"href":"https:\/\/nvnoticias.mx\/index.php\/wp-json\/wp\/v2\/comments?post=97744"}],"version-history":[{"count":1,"href":"https:\/\/nvnoticias.mx\/index.php\/wp-json\/wp\/v2\/posts\/97744\/revisions"}],"predecessor-version":[{"id":97746,"href":"https:\/\/nvnoticias.mx\/index.php\/wp-json\/wp\/v2\/posts\/97744\/revisions\/97746"}],"wp:featuredmedia":[{"embeddable":true,"href":"https:\/\/nvnoticias.mx\/index.php\/wp-json\/wp\/v2\/media\/97745"}],"wp:attachment":[{"href":"https:\/\/nvnoticias.mx\/index.php\/wp-json\/wp\/v2\/media?parent=97744"}],"wp:term":[{"taxonomy":"category","embeddable":true,"href":"https:\/\/nvnoticias.mx\/index.php\/wp-json\/wp\/v2\/categories?post=97744"},{"taxonomy":"post_tag","embeddable":true,"href":"https:\/\/nvnoticias.mx\/index.php\/wp-json\/wp\/v2\/tags?post=97744"}],"curies":[{"name":"wp","href":"https:\/\/api.w.org\/{rel}","templated":true}]}}