{"id":97724,"date":"2023-03-09T12:43:02","date_gmt":"2023-03-09T18:43:02","guid":{"rendered":"https:\/\/nvnoticias.mx\/?p=97724"},"modified":"2023-03-09T12:43:52","modified_gmt":"2023-03-09T18:43:52","slug":"aumentaron-la-ansiedad-y-la-depresion-dif-de-veracruz","status":"publish","type":"post","link":"https:\/\/nvnoticias.mx\/index.php\/2023\/03\/09\/aumentaron-la-ansiedad-y-la-depresion-dif-de-veracruz\/","title":{"rendered":"Aumentaron la ansiedad y la depresi\u00f3n: DIF de Veracruz"},"content":{"rendered":"\n<p><strong>Jes\u00fas Utrilla \/ NV Noticias<\/strong><\/p>\n\n\n\n<p>Los problemas&nbsp;psicol\u00f3gicos y&nbsp;emocionales incrementaron despu\u00e9s de la pandemia, entre hombres y mujeres, se\u00f1al\u00f3 la directora del DIF de Veracruz,&nbsp;Xochitl&nbsp;Arzaba.&nbsp;<\/p>\n\n\n\n<p>Las mayores atenciones que ha brindado el organismo asistencial han\u00a0sido por ansiedad y depresi\u00f3n.\u00a0<\/p>\n\n\n\n<blockquote class=\"wp-block-quote is-layout-flow wp-block-quote-is-layout-flow\"><p>\u201c<em>S\u00ed se dispararon bastante tanto en escuelas como entre mujeres. Es generalizada, han estado acudiendo este al DIF Municipal a pedir este tipo de servicios y\u00a0apoyos. Lo que m\u00e1s tenemos ansiedad y depresi\u00f3n y si hacen un 50 por ciento m\u00e1s o menos de las consultas<\/em>\u201d.\u00a0<\/p><\/blockquote>\n\n\n\n<p>Aclar\u00f3 que no solamente se trata de&nbsp;mujeres&nbsp;sino que tambi\u00e9n hombres han solicitado la ayuda del dif para poder salir de problemas de depresi\u00f3n y tambi\u00e9n de ansiedad.&nbsp;<\/p>\n\n\n\n<p>De acuerdo a los diagn\u00f3sticos efectuados por los especialistas a las personas les afect\u00f3 el encierro durante m\u00e1s de 1 a\u00f1o y ahora est\u00e1n tratando de salir de algunos trastornos psicol\u00f3gicos y para ello acuden a las oficinas del organismo.&nbsp;&nbsp;<\/p>\n\n\n\n<p>El \u00e1rea de la Coordinaci\u00f3n de Psicolog\u00eda est\u00e1 en\u00a0Dif\u00a0Matamoros y en los 7 diferentes m\u00f3dulos de Los Predios, Torrentes, Santa\u00a0Fe, Vargas, Ruiz Cortines, entre otros.<\/p>\n\n\n\n<blockquote class=\"wp-block-quote is-layout-flow wp-block-quote-is-layout-flow\"><p>\u201c<em>S\u00ed ha\u00a0incrementado\u00a0pero\u00a0 estamos\u00a0tratando de\u00a0bajar\u00a0en estos servicios a las colonias, escuelas tambi\u00e9n tenemos\u00a0programas \u00a0para\u00a0j\u00f3venes y estamos yendo tambi\u00e9n a las escuelas con consultas con nuestros psic\u00f3logos y muchas veces tambi\u00e9n por ejemplo en escuelas hacemos este reuniones o talleres exclusivamente para padres o para alumnos<\/em>\u201d.<\/p><\/blockquote>\n\n\n\n<p>\u00a0Se\u00f1al\u00f3 que a las consultas psicol\u00f3gicas no solo llegan mujeres sino toda la familia, como\u00a0ni\u00f1os, adolescentes y hombres.\u00a0<\/p>\n","protected":false},"excerpt":{"rendered":"<p>Jes\u00fas Utrilla \/ NV Noticias Los problemas&nbsp;psicol\u00f3gicos y&nbsp;emocionales incrementaron despu\u00e9s de la pandemia, entre hombres y mujeres, se\u00f1al\u00f3 la directora del DIF de Veracruz,&nbsp;Xochitl&nbsp;Arzaba.&nbsp; Las mayores atenciones que ha brindado el organismo asistencial han\u00a0sido por ansiedad y depresi\u00f3n.\u00a0 \u201cS\u00ed se dispararon bastante tanto en escuelas como entre mujeres. Es generalizada, han estado acudiendo este al [&hellip;]<\/p>\n","protected":false},"author":8,"featured_media":97725,"comment_status":"open","ping_status":"open","sticky":false,"template":"","format":"standard","meta":{"_monsterinsights_skip_tracking":false,"_monsterinsights_sitenote_active":false,"_monsterinsights_sitenote_note":"","_monsterinsights_sitenote_category":0,"footnotes":""},"categories":[154],"tags":[1537,2551,1017],"class_list":["post-97724","post","type-post","status-publish","format-standard","has-post-thumbnail","hentry","category-veracruz","tag-ansiedad","tag-depresion","tag-dif-veracruz","wp-image-borders"],"amp_enabled":true,"_links":{"self":[{"href":"https:\/\/nvnoticias.mx\/index.php\/wp-json\/wp\/v2\/posts\/97724","targetHints":{"allow":["GET"]}}],"collection":[{"href":"https:\/\/nvnoticias.mx\/index.php\/wp-json\/wp\/v2\/posts"}],"about":[{"href":"https:\/\/nvnoticias.mx\/index.php\/wp-json\/wp\/v2\/types\/post"}],"author":[{"embeddable":true,"href":"https:\/\/nvnoticias.mx\/index.php\/wp-json\/wp\/v2\/users\/8"}],"replies":[{"embeddable":true,"href":"https:\/\/nvnoticias.mx\/index.php\/wp-json\/wp\/v2\/comments?post=97724"}],"version-history":[{"count":2,"href":"https:\/\/nvnoticias.mx\/index.php\/wp-json\/wp\/v2\/posts\/97724\/revisions"}],"predecessor-version":[{"id":97727,"href":"https:\/\/nvnoticias.mx\/index.php\/wp-json\/wp\/v2\/posts\/97724\/revisions\/97727"}],"wp:featuredmedia":[{"embeddable":true,"href":"https:\/\/nvnoticias.mx\/index.php\/wp-json\/wp\/v2\/media\/97725"}],"wp:attachment":[{"href":"https:\/\/nvnoticias.mx\/index.php\/wp-json\/wp\/v2\/media?parent=97724"}],"wp:term":[{"taxonomy":"category","embeddable":true,"href":"https:\/\/nvnoticias.mx\/index.php\/wp-json\/wp\/v2\/categories?post=97724"},{"taxonomy":"post_tag","embeddable":true,"href":"https:\/\/nvnoticias.mx\/index.php\/wp-json\/wp\/v2\/tags?post=97724"}],"curies":[{"name":"wp","href":"https:\/\/api.w.org\/{rel}","templated":true}]}}